{"id":1564,"date":"2014-12-29T09:04:56","date_gmt":"2014-12-29T09:04:56","guid":{"rendered":"http:\/\/xn--diseobasico-4db.com\/?p=1564"},"modified":"2016-12-23T17:38:57","modified_gmt":"2016-12-23T17:38:57","slug":"ricardo-lagorreta","status":"publish","type":"post","link":"http:\/\/blog.mariorodriguezruiz.com\/?p=1564","title":{"rendered":"Ricardo Legorreta"},"content":{"rendered":"<p>Durante el curso 1992-1993 curs\u00e9 en la Facultad de Bellas Artes de Valenia (Espa\u00f1a) la asignatura <strong>Pintura y Entorno<\/strong>,\u00a0 impartida por el profesor Juan Bautista Peir\u00f3, que actualmente forma parte del equipo directivo del <a title=\"CIAE\" href=\"http:\/\/www.upv.es\/entidades\/CIAE\/info\/760907normalc.html\" target=\"_blank\">Centro de Investigaci\u00f3n Arte y Entorno<\/a> de la Universidad Polit\u00e9cnica de Valencia.<\/p>\n<p>En esta asignatura, el arquitecto mexicano <a title=\"Lagorreta\" href=\"http:\/\/www.arquine.com\/blog\/ricardo-legorreta-1931-2011\/\" target=\"_blank\">Ricardo Legorreta<\/a> fue uno de los referentes que analizamos. Y sus obras me impresionaron principalmente por tres razones: la forma de <strong>conjugar elementos contempor\u00e1neos y tradicionales<\/strong>, el <strong>color<\/strong>, y la <strong>utilizaci\u00f3n de los espacios vac\u00edos<\/strong>. Varios a\u00f1os despu\u00e9s tuve la suerte de pasar dos meses en uno de los edificios dise\u00f1ados por \u00e9l: <a title=\"SFAI\" href=\"http:\/\/sfaiblog.org\/\" target=\"_blank\">Santa Fe Art Institute<\/a>. (Santa Fe College, New Mexico, EEUU). Fue uno de los momentos m\u00e1s felices de mi vida. Y he de decir que en buena medida fue debido al hecho de poder habitar y trabajar en un espacio tan increiblemente bien concebido y realizado.<\/p>\n<p><a href=\"http:\/\/xn--diseobasico-4db.com\/wp-content\/uploads\/2014\/10\/Lagorreta-01.jpg\"><img loading=\"lazy\" decoding=\"async\" class=\"aligncenter size-medium wp-image-1567\" src=\"http:\/\/xn--diseobasico-4db.com\/wp-content\/uploads\/2014\/10\/Lagorreta-01-242x300.jpg\" alt=\"Lagorreta 01\" width=\"242\" height=\"300\" srcset=\"http:\/\/blog.mariorodriguezruiz.com\/wp-content\/uploads\/2014\/10\/Lagorreta-01-242x300.jpg 242w, http:\/\/blog.mariorodriguezruiz.com\/wp-content\/uploads\/2014\/10\/Lagorreta-01.jpg 250w\" sizes=\"auto, (max-width: 242px) 100vw, 242px\" \/><\/a>Santa Fe Art Institute. Entrada principal. Al fondo a la derecha, el ventanal de la biblioteca. blog.2modern.com<\/p>\n<p><a href=\"http:\/\/xn--diseobasico-4db.com\/wp-content\/uploads\/2014\/10\/15-Santa-Fe-Art-Institute-IV.jpg\"><img loading=\"lazy\" decoding=\"async\" class=\"aligncenter size-medium wp-image-1571\" src=\"http:\/\/xn--diseobasico-4db.com\/wp-content\/uploads\/2014\/10\/15-Santa-Fe-Art-Institute-IV-300x208.jpg\" alt=\"15 Santa Fe Art Institute IV\" width=\"300\" height=\"208\" srcset=\"http:\/\/blog.mariorodriguezruiz.com\/wp-content\/uploads\/2014\/10\/15-Santa-Fe-Art-Institute-IV-300x208.jpg 300w, http:\/\/blog.mariorodriguezruiz.com\/wp-content\/uploads\/2014\/10\/15-Santa-Fe-Art-Institute-IV-1024x713.jpg 1024w, http:\/\/blog.mariorodriguezruiz.com\/wp-content\/uploads\/2014\/10\/15-Santa-Fe-Art-Institute-IV.jpg 1714w\" sizes=\"auto, (max-width: 300px) 100vw, 300px\" \/><\/a>Santa Fe Art Instiute. Ventanal de la biblioteca. Realic\u00e9 este dibujo durante mi estancia en el instituto en 2002. Acuarela y l\u00e1piz de color sobre papel. 28,5 x 39,5 cm.<\/p>\n<p><a href=\"http:\/\/xn--diseobasico-4db.com\/wp-content\/uploads\/2014\/10\/Santa-Fe-Art-Institute-4.jpg\"><img loading=\"lazy\" decoding=\"async\" class=\"aligncenter size-medium wp-image-1569\" src=\"http:\/\/xn--diseobasico-4db.com\/wp-content\/uploads\/2014\/10\/Santa-Fe-Art-Institute-4-193x300.jpg\" alt=\"Santa Fe Art Institute (4)\" width=\"193\" height=\"300\" srcset=\"http:\/\/blog.mariorodriguezruiz.com\/wp-content\/uploads\/2014\/10\/Santa-Fe-Art-Institute-4-193x300.jpg 193w, http:\/\/blog.mariorodriguezruiz.com\/wp-content\/uploads\/2014\/10\/Santa-Fe-Art-Institute-4-661x1024.jpg 661w, http:\/\/blog.mariorodriguezruiz.com\/wp-content\/uploads\/2014\/10\/Santa-Fe-Art-Institute-4.jpg 756w\" sizes=\"auto, (max-width: 193px) 100vw, 193px\" \/><\/a>Santa Fe Art Instiute. Patio.<\/p>\n<p><a href=\"http:\/\/xn--diseobasico-4db.com\/wp-content\/uploads\/2014\/10\/Lagorreta.-The-American-University-in-Cairo.jpg\"><img loading=\"lazy\" decoding=\"async\" class=\"aligncenter size-medium wp-image-1572\" src=\"http:\/\/xn--diseobasico-4db.com\/wp-content\/uploads\/2014\/10\/Lagorreta.-The-American-University-in-Cairo-199x300.jpg\" alt=\"American University in Cairo\" width=\"199\" height=\"300\" srcset=\"http:\/\/blog.mariorodriguezruiz.com\/wp-content\/uploads\/2014\/10\/Lagorreta.-The-American-University-in-Cairo-199x300.jpg 199w, http:\/\/blog.mariorodriguezruiz.com\/wp-content\/uploads\/2014\/10\/Lagorreta.-The-American-University-in-Cairo.jpg 630w\" sizes=\"auto, (max-width: 199px) 100vw, 199px\" \/><\/a>The American University, El Cairo. Fotograf\u00eda de Yona Schley. Arquine.com.<\/p>\n<p><img loading=\"lazy\" decoding=\"async\" title=\"Casa Kona-Foto de LOURDES LEGORRETA\" src=\"http:\/\/www.arquine.com\/wp-content\/uploads\/2011\/07\/Casa-Kona-Foto-de-LOURDES-LEGORRETA.jpg\" alt=\"\" width=\"630\" height=\"797\" \/><\/p>\n<p>Casa Kona. Fotograf\u00eda de Lourdes Legorreta. Arquine.com.<\/p>\n<p><a href=\"http:\/\/xn--diseobasico-4db.com\/wp-content\/uploads\/2014\/10\/Legorreta-06.jpg\"><img loading=\"lazy\" decoding=\"async\" class=\"aligncenter size-medium wp-image-1574\" src=\"http:\/\/xn--diseobasico-4db.com\/wp-content\/uploads\/2014\/10\/Legorreta-06-300x252.jpg\" alt=\"Legorreta 06\" width=\"300\" height=\"252\" srcset=\"http:\/\/blog.mariorodriguezruiz.com\/wp-content\/uploads\/2014\/10\/Legorreta-06-300x252.jpg 300w, http:\/\/blog.mariorodriguezruiz.com\/wp-content\/uploads\/2014\/10\/Legorreta-06.jpg 500w\" sizes=\"auto, (max-width: 300px) 100vw, 300px\" \/><\/a><\/p>\n<p>Hacienda Matao. S\u00e3o Paulo, Brasil. Legorretalegorreta.com.<\/p>\n<p>&nbsp;<\/p>\n<p>Por <a title=\"Nuevo M\u00e9xico\" href=\"http:\/\/www.mariorodriguezruiz.com\/galerias\/nuevo-mexico\/\">Mario Rodr\u00edguez Ruiz.<\/a><\/p>\n","protected":false},"excerpt":{"rendered":"<p>Durante el curso 1992-1993 curs\u00e9 en la Facultad de Bellas Artes de Valenia (Espa\u00f1a) la asignatura Pintura y Entorno,\u00a0 impartida por el profesor Juan Bautista Peir\u00f3, que actualmente forma parte del equipo directivo del Centro de Investigaci\u00f3n Arte y Entorno de la Universidad Polit\u00e9cnica de Valencia. En esta asignatura, el arquitecto mexicano Ricardo Legorreta fue&#8230;<br \/><a class=\"more-link\" href=\"http:\/\/blog.mariorodriguezruiz.com\/?p=1564\">Continue reading &raquo;<\/a><\/p>\n","protected":false},"author":1,"featured_media":0,"comment_status":"open","ping_status":"open","sticky":false,"template":"","format":"standard","meta":{"footnotes":""},"categories":[10,34],"tags":[93,95],"class_list":["post-1564","post","type-post","status-publish","format-standard","hentry","category-diseno","category-diseno-de-interiores","tag-obras-de-mario-rodriguez-ruiz","tag-arquitectura"],"_links":{"self":[{"href":"http:\/\/blog.mariorodriguezruiz.com\/index.php?rest_route=\/wp\/v2\/posts\/1564","targetHints":{"allow":["GET"]}}],"collection":[{"href":"http:\/\/blog.mariorodriguezruiz.com\/index.php?rest_route=\/wp\/v2\/posts"}],"about":[{"href":"http:\/\/blog.mariorodriguezruiz.com\/index.php?rest_route=\/wp\/v2\/types\/post"}],"author":[{"embeddable":true,"href":"http:\/\/blog.mariorodriguezruiz.com\/index.php?rest_route=\/wp\/v2\/users\/1"}],"replies":[{"embeddable":true,"href":"http:\/\/blog.mariorodriguezruiz.com\/index.php?rest_route=%2Fwp%2Fv2%2Fcomments&post=1564"}],"version-history":[{"count":8,"href":"http:\/\/blog.mariorodriguezruiz.com\/index.php?rest_route=\/wp\/v2\/posts\/1564\/revisions"}],"predecessor-version":[{"id":1626,"href":"http:\/\/blog.mariorodriguezruiz.com\/index.php?rest_route=\/wp\/v2\/posts\/1564\/revisions\/1626"}],"wp:attachment":[{"href":"http:\/\/blog.mariorodriguezruiz.com\/index.php?rest_route=%2Fwp%2Fv2%2Fmedia&parent=1564"}],"wp:term":[{"taxonomy":"category","embeddable":true,"href":"http:\/\/blog.mariorodriguezruiz.com\/index.php?rest_route=%2Fwp%2Fv2%2Fcategories&post=1564"},{"taxonomy":"post_tag","embeddable":true,"href":"http:\/\/blog.mariorodriguezruiz.com\/index.php?rest_route=%2Fwp%2Fv2%2Ftags&post=1564"}],"curies":[{"name":"wp","href":"https:\/\/api.w.org\/{rel}","templated":true}]}}