{"id":1609,"date":"2014-12-22T09:12:20","date_gmt":"2014-12-22T09:12:20","guid":{"rendered":"http:\/\/xn--diseobasico-4db.com\/?p=1609"},"modified":"2016-12-23T17:38:35","modified_gmt":"2016-12-23T17:38:35","slug":"gloria-lapena-2","status":"publish","type":"post","link":"http:\/\/blog.mariorodriguezruiz.com\/?p=1609","title":{"rendered":"Gloria Lape\u00f1a"},"content":{"rendered":"<p>Os presentamos la obra de <a title=\"lape\u00f1a\" href=\"glorialapena.wix.com\/\" target=\"_blank\">Gloria Lape\u00f1a<\/a>, una artista murciana, que camina a trav\u00e9s del dibujo, la ilustraci\u00f3n, la escultura y la instalaci\u00f3n.<br \/>\nSeguidamente pod\u00e9is ver algunas im\u00e1genes de su \u00faltimo proyecto <em>Un muro para contar mi historia<\/em>, expuesto en la Universidad de Murcia el a\u00f1o pasado.<\/p>\n<p>Seg\u00fan Lape\u00f1a, en este proyecto \u00abse muestran unas inquietudes personales abstra\u00eddas y concretadas en la met\u00e1fora de la casa\u00bb.<\/p>\n<p>Por Mario Rodr\u00edguez Ruiz.<\/p>\n<p><a href=\"http:\/\/xn--diseobasico-4db.com\/wp-content\/uploads\/2014\/11\/lape\u00f1a-1.jpg\"><img loading=\"lazy\" decoding=\"async\" class=\"aligncenter size-medium wp-image-1610\" src=\"http:\/\/xn--diseobasico-4db.com\/wp-content\/uploads\/2014\/11\/lape\u00f1a-1-300x116.jpg\" alt=\"lape\u00f1a 1\" width=\"300\" height=\"116\" srcset=\"http:\/\/blog.mariorodriguezruiz.com\/wp-content\/uploads\/2014\/11\/lape\u00f1a-1-300x116.jpg 300w, http:\/\/blog.mariorodriguezruiz.com\/wp-content\/uploads\/2014\/11\/lape\u00f1a-1.jpg 457w\" sizes=\"auto, (max-width: 300px) 100vw, 300px\" \/><\/a><\/p>\n<p><a href=\"http:\/\/xn--diseobasico-4db.com\/wp-content\/uploads\/2014\/11\/lape\u00f1a-2.jpg\"><img loading=\"lazy\" decoding=\"async\" class=\"aligncenter size-medium wp-image-1611\" src=\"http:\/\/xn--diseobasico-4db.com\/wp-content\/uploads\/2014\/11\/lape\u00f1a-2-300x174.jpg\" alt=\"lape\u00f1a 2\" width=\"300\" height=\"174\" srcset=\"http:\/\/blog.mariorodriguezruiz.com\/wp-content\/uploads\/2014\/11\/lape\u00f1a-2-300x174.jpg 300w, http:\/\/blog.mariorodriguezruiz.com\/wp-content\/uploads\/2014\/11\/lape\u00f1a-2.jpg 453w\" sizes=\"auto, (max-width: 300px) 100vw, 300px\" \/><\/a><\/p>\n<p><a href=\"http:\/\/xn--diseobasico-4db.com\/wp-content\/uploads\/2014\/11\/lape\u00f1a-3.jpg\"><img loading=\"lazy\" decoding=\"async\" class=\"aligncenter size-medium wp-image-1612\" src=\"http:\/\/xn--diseobasico-4db.com\/wp-content\/uploads\/2014\/11\/lape\u00f1a-3-300x234.jpg\" alt=\"lape\u00f1a 3\" width=\"300\" height=\"234\" srcset=\"http:\/\/blog.mariorodriguezruiz.com\/wp-content\/uploads\/2014\/11\/lape\u00f1a-3-300x234.jpg 300w, http:\/\/blog.mariorodriguezruiz.com\/wp-content\/uploads\/2014\/11\/lape\u00f1a-3.jpg 450w\" sizes=\"auto, (max-width: 300px) 100vw, 300px\" \/><\/a><\/p>\n","protected":false},"excerpt":{"rendered":"<p>Os presentamos la obra de Gloria Lape\u00f1a, una artista murciana, que camina a trav\u00e9s del dibujo, la ilustraci\u00f3n, la escultura y la instalaci\u00f3n. Seguidamente pod\u00e9is ver algunas im\u00e1genes de su \u00faltimo proyecto Un muro para contar mi historia, expuesto en la Universidad de Murcia el a\u00f1o pasado. Seg\u00fan Lape\u00f1a, en este proyecto \u00abse muestran unas&#8230;<br \/><a class=\"more-link\" href=\"http:\/\/blog.mariorodriguezruiz.com\/?p=1609\">Continue reading &raquo;<\/a><\/p>\n","protected":false},"author":1,"featured_media":0,"comment_status":"open","ping_status":"open","sticky":false,"template":"","format":"standard","meta":{"footnotes":""},"categories":[10],"tags":[],"class_list":["post-1609","post","type-post","status-publish","format-standard","hentry","category-diseno"],"_links":{"self":[{"href":"http:\/\/blog.mariorodriguezruiz.com\/index.php?rest_route=\/wp\/v2\/posts\/1609","targetHints":{"allow":["GET"]}}],"collection":[{"href":"http:\/\/blog.mariorodriguezruiz.com\/index.php?rest_route=\/wp\/v2\/posts"}],"about":[{"href":"http:\/\/blog.mariorodriguezruiz.com\/index.php?rest_route=\/wp\/v2\/types\/post"}],"author":[{"embeddable":true,"href":"http:\/\/blog.mariorodriguezruiz.com\/index.php?rest_route=\/wp\/v2\/users\/1"}],"replies":[{"embeddable":true,"href":"http:\/\/blog.mariorodriguezruiz.com\/index.php?rest_route=%2Fwp%2Fv2%2Fcomments&post=1609"}],"version-history":[{"count":4,"href":"http:\/\/blog.mariorodriguezruiz.com\/index.php?rest_route=\/wp\/v2\/posts\/1609\/revisions"}],"predecessor-version":[{"id":2773,"href":"http:\/\/blog.mariorodriguezruiz.com\/index.php?rest_route=\/wp\/v2\/posts\/1609\/revisions\/2773"}],"wp:attachment":[{"href":"http:\/\/blog.mariorodriguezruiz.com\/index.php?rest_route=%2Fwp%2Fv2%2Fmedia&parent=1609"}],"wp:term":[{"taxonomy":"category","embeddable":true,"href":"http:\/\/blog.mariorodriguezruiz.com\/index.php?rest_route=%2Fwp%2Fv2%2Fcategories&post=1609"},{"taxonomy":"post_tag","embeddable":true,"href":"http:\/\/blog.mariorodriguezruiz.com\/index.php?rest_route=%2Fwp%2Fv2%2Ftags&post=1609"}],"curies":[{"name":"wp","href":"https:\/\/api.w.org\/{rel}","templated":true}]}}