{"id":3409,"date":"2019-05-06T08:47:16","date_gmt":"2019-05-06T08:47:16","guid":{"rendered":"http:\/\/blog.mariorodriguezruiz.com\/?p=3409"},"modified":"2019-04-08T11:56:14","modified_gmt":"2019-04-08T11:56:14","slug":"nueva-editorial-dedicada-al-album-ilustrado-y-el-comic-degomagom","status":"publish","type":"post","link":"http:\/\/blog.mariorodriguezruiz.com\/?p=3409","title":{"rendered":"Nueva editorial dedicada al \u00e1lbum ilustrado y el c\u00f3mic: Degomagom"},"content":{"rendered":"<p>En la provincia de Alicante estamos de enhorabuena, porque se ha puesto en marcha en Ibi una nueva editorial, cuyo principal objetivo es la publicaci\u00f3n de \u00e1lbumes ilustrados y c\u00f3mics: <a href=\"http:\/\/www.degomagom.com\/\" target=\"_blank\" rel=\"noopener\">Degomagom<\/a>.<\/p>\n<p>La editorial ha sido creada por Octavio Ferrero y Jos\u00e9 Antonio Garc\u00eda, \u201ccon la ilusi\u00f3n y la necesidad de comunicarse a trav\u00e9s de la imagen y la palabra escrita\u201d. Por el momento queda aparcado otro proyecto que pusieron en marcha hace 10 a\u00f1os: la revista <em>Opticks Magazine<\/em>, dedicada a la ilustraci\u00f3n. Pod\u00e9is acceder a los 25 n\u00fameros publicados en la <a href=\"https:\/\/www.opticksmagazine.com\/\" target=\"_blank\" rel=\"noopener\">web de la revista<\/a>.<\/p>\n<p>El diario <a href=\"https:\/\/www.diarioinformacion.com\/cultura\/2019\/01\/31\/degomagom-presenta-primeros-titulos-biblioteca\/2112888.html\" target=\"_blank\" rel=\"noopener\"><em>Informaci\u00f3n<\/em> <\/a>se hizo eco de la presentaci\u00f3n de los dos primeros t\u00edtulos publicados por la editorial Degomagom, organizada por el <a href=\"https:\/\/www.facebook.com\/groups\/130880530598538\/\" target=\"_blank\" rel=\"noopener\">club de lectura de \u00e1lbum ilustrado\u00a0Que viene el lobo<\/a><em>:\u00a0<\/em><em>Imaginar a Peter Pan\u00a0<\/em>(escrito por Manuel Roig Abad e ilustrado por Miguel Calatayud), y\u00a0<em>Los 115 pasos de Kair\u00f3s,<\/em>\u00a0(firmado por Remo Mora e ilustrado por Miguel Cerro).<\/p>\n<p><img decoding=\"async\" src=\"http:\/\/www.degomagom.com\/wp-content\/uploads\/2018\/02\/peter-pan-1.jpg\" \/><\/p>\n<p><img decoding=\"async\" src=\"http:\/\/www.degomagom.com\/wp-content\/uploads\/2018\/02\/115Kairos.jpg\" \/><\/p>\n<p>Si est\u00e1is interesados en presentar a la editorial un proyecto relacionado con la ilustraci\u00f3n o el c\u00f3mic, pod\u00e9is poneros en contacto con ellos a trav\u00e9s de su p\u00e1gina de <a href=\"http:\/\/www.degomagom.com\/contacto\/\" target=\"_blank\" rel=\"noopener\">contacto<\/a>. Deb\u00e9is indicar:<\/p>\n<ul>\n<li>T\u00edtulo del proyecto.<\/li>\n<li>Breve sinopsis.<\/li>\n<li>Datos personales y de contacto.<\/li>\n<li>Los proyectos deben ser enviados en PDF.<\/li>\n<li>Aquellos proyectos que ocupen m\u00e1s de 10 MG ser\u00e1n enviados tambi\u00e9n en PDF, pero a trav\u00e9s de la plataforma WeTransfer.<\/li>\n<\/ul>\n","protected":false},"excerpt":{"rendered":"<p>En la provincia de Alicante estamos de enhorabuena, porque se ha puesto en marcha en Ibi una nueva editorial, cuyo principal objetivo es la publicaci\u00f3n de \u00e1lbumes ilustrados y c\u00f3mics: Degomagom. La editorial ha sido creada por Octavio Ferrero y Jos\u00e9 Antonio Garc\u00eda, \u201ccon la ilusi\u00f3n y la necesidad de comunicarse a trav\u00e9s de la&#8230;<br \/><a class=\"more-link\" href=\"http:\/\/blog.mariorodriguezruiz.com\/?p=3409\">Continue reading &raquo;<\/a><\/p>\n","protected":false},"author":1,"featured_media":0,"comment_status":"open","ping_status":"open","sticky":false,"template":"","format":"standard","meta":{"footnotes":""},"categories":[4,36,10,27,46],"tags":[77,163],"class_list":["post-3409","post","type-post","status-publish","format-standard","hentry","category-diseno-2","category-ilustracion","category-diseno","category-sitios-que-nos-gustan","category-bibliografia","tag-comic","tag-album-ilustrado"],"_links":{"self":[{"href":"http:\/\/blog.mariorodriguezruiz.com\/index.php?rest_route=\/wp\/v2\/posts\/3409","targetHints":{"allow":["GET"]}}],"collection":[{"href":"http:\/\/blog.mariorodriguezruiz.com\/index.php?rest_route=\/wp\/v2\/posts"}],"about":[{"href":"http:\/\/blog.mariorodriguezruiz.com\/index.php?rest_route=\/wp\/v2\/types\/post"}],"author":[{"embeddable":true,"href":"http:\/\/blog.mariorodriguezruiz.com\/index.php?rest_route=\/wp\/v2\/users\/1"}],"replies":[{"embeddable":true,"href":"http:\/\/blog.mariorodriguezruiz.com\/index.php?rest_route=%2Fwp%2Fv2%2Fcomments&post=3409"}],"version-history":[{"count":6,"href":"http:\/\/blog.mariorodriguezruiz.com\/index.php?rest_route=\/wp\/v2\/posts\/3409\/revisions"}],"predecessor-version":[{"id":3441,"href":"http:\/\/blog.mariorodriguezruiz.com\/index.php?rest_route=\/wp\/v2\/posts\/3409\/revisions\/3441"}],"wp:attachment":[{"href":"http:\/\/blog.mariorodriguezruiz.com\/index.php?rest_route=%2Fwp%2Fv2%2Fmedia&parent=3409"}],"wp:term":[{"taxonomy":"category","embeddable":true,"href":"http:\/\/blog.mariorodriguezruiz.com\/index.php?rest_route=%2Fwp%2Fv2%2Fcategories&post=3409"},{"taxonomy":"post_tag","embeddable":true,"href":"http:\/\/blog.mariorodriguezruiz.com\/index.php?rest_route=%2Fwp%2Fv2%2Ftags&post=3409"}],"curies":[{"name":"wp","href":"https:\/\/api.w.org\/{rel}","templated":true}]}}