{"id":224,"date":"2013-04-29T19:32:43","date_gmt":"2013-04-29T19:32:43","guid":{"rendered":"http:\/\/xn--diseobasico-4db.com\/?p=224"},"modified":"2016-12-22T19:45:58","modified_gmt":"2016-12-22T19:45:58","slug":"exposicion-de-paul-klee-en-madrid","status":"publish","type":"post","link":"https:\/\/blog.mariorodriguezruiz.com\/?p=224","title":{"rendered":"Exposici\u00f3n de Paul Klee en Madrid"},"content":{"rendered":"<p>Para los profesores es enormemente interesante conocer la labor docente realizada en el pasado por artistas y dise\u00f1adores de la talla de Paul Klee, que trabaj\u00f3 en la Bauhaus, junto a leyendas como Josef Albers o Kandinski.<br \/>\nEn la imagen pod\u00e9is ver una de las notas de clase de Klee en la Bauhaus.<\/p>\n<p><a href=\"http:\/\/xn--diseobasico-4db.com\/wp-content\/uploads\/2013\/04\/K2.jpg\"><img loading=\"lazy\" decoding=\"async\" class=\"alignleft size-medium wp-image-339\" src=\"http:\/\/xn--diseobasico-4db.com\/wp-content\/uploads\/2013\/04\/K2-300x215.jpg\" alt=\"K\" width=\"300\" height=\"215\" srcset=\"https:\/\/blog.mariorodriguezruiz.com\/wp-content\/uploads\/2013\/04\/K2-300x215.jpg 300w, https:\/\/blog.mariorodriguezruiz.com\/wp-content\/uploads\/2013\/04\/K2.jpg 644w\" sizes=\"auto, (max-width: 300px) 100vw, 300px\" \/><\/a><\/p>\n<p>Si quer\u00e9is saber m\u00e1s sobre la exposici\u00f3n, aqu\u00ed ten\u00e9is un <a title=\"ABC\" href=\"http:\/\/www.abc.es\/cultura\/arte\/20130324\/abci-klee-201303231930.html\">art\u00edculo publicado en ABC<\/a>.<\/p>\n<p>Estar\u00e1 expuesta en la <a title=\"Fundaci\u00f3n March\" href=\"http:\/\/www.march.es\/arte\/madrid\/exposiciones\/paul-klee\/?l=1\">Fundaci\u00f3n Juan March<\/a> hasta el 30 de junio.<\/p>\n","protected":false},"excerpt":{"rendered":"<p>Para los profesores es enormemente interesante conocer la labor docente realizada en el pasado por artistas y dise\u00f1adores de la talla de Paul Klee, que trabaj\u00f3 en la Bauhaus, junto a leyendas como Josef Albers o Kandinski. En la imagen pod\u00e9is ver una de las notas de clase de Klee en la Bauhaus. Si quer\u00e9is&#8230;<br \/><a class=\"more-link\" href=\"https:\/\/blog.mariorodriguezruiz.com\/?p=224\">Continue reading &raquo;<\/a><\/p>\n","protected":false},"author":1,"featured_media":0,"comment_status":"open","ping_status":"open","sticky":false,"template":"","format":"standard","meta":{"footnotes":""},"categories":[4,2,10,26],"tags":[52],"class_list":["post-224","post","type-post","status-publish","format-standard","hentry","category-diseno-2","category-cat-1","category-diseno","category-eventos-y-concursos","tag-circulos-cromaticos"],"_links":{"self":[{"href":"https:\/\/blog.mariorodriguezruiz.com\/index.php?rest_route=\/wp\/v2\/posts\/224","targetHints":{"allow":["GET"]}}],"collection":[{"href":"https:\/\/blog.mariorodriguezruiz.com\/index.php?rest_route=\/wp\/v2\/posts"}],"about":[{"href":"https:\/\/blog.mariorodriguezruiz.com\/index.php?rest_route=\/wp\/v2\/types\/post"}],"author":[{"embeddable":true,"href":"https:\/\/blog.mariorodriguezruiz.com\/index.php?rest_route=\/wp\/v2\/users\/1"}],"replies":[{"embeddable":true,"href":"https:\/\/blog.mariorodriguezruiz.com\/index.php?rest_route=%2Fwp%2Fv2%2Fcomments&post=224"}],"version-history":[{"count":8,"href":"https:\/\/blog.mariorodriguezruiz.com\/index.php?rest_route=\/wp\/v2\/posts\/224\/revisions"}],"predecessor-version":[{"id":2642,"href":"https:\/\/blog.mariorodriguezruiz.com\/index.php?rest_route=\/wp\/v2\/posts\/224\/revisions\/2642"}],"wp:attachment":[{"href":"https:\/\/blog.mariorodriguezruiz.com\/index.php?rest_route=%2Fwp%2Fv2%2Fmedia&parent=224"}],"wp:term":[{"taxonomy":"category","embeddable":true,"href":"https:\/\/blog.mariorodriguezruiz.com\/index.php?rest_route=%2Fwp%2Fv2%2Fcategories&post=224"},{"taxonomy":"post_tag","embeddable":true,"href":"https:\/\/blog.mariorodriguezruiz.com\/index.php?rest_route=%2Fwp%2Fv2%2Ftags&post=224"}],"curies":[{"name":"wp","href":"https:\/\/api.w.org\/{rel}","templated":true}]}}