{"id":2272,"date":"2016-03-02T20:49:29","date_gmt":"2016-03-02T20:49:29","guid":{"rendered":"http:\/\/xn--diseobasico-4db.com\/?p=2272"},"modified":"2016-12-23T18:29:41","modified_gmt":"2016-12-23T18:29:41","slug":"arco-2016-2","status":"publish","type":"post","link":"https:\/\/blog.mariorodriguezruiz.com\/?p=2272","title":{"rendered":"Arco 2016"},"content":{"rendered":"<p>Del 26 al 28 de febrero tuvo lugar en Madrid la Feria de Arte Contempor\u00e1neo <a href=\"http:\/\/www.ifema.es\/arcomadrid_01\/\" target=\"_blank\">ARCO<\/a>, el evento art\u00edstico m\u00e1s impostante del a\u00f1o en Espa\u00f1a. Y tuvimos la ocasi\u00f3n de poder visitarla.<\/p>\n<p>Una de las artistas que m\u00e1s nos gust\u00f3 fue <a href=\"http:\/\/monicabengoa.cl\/\" target=\"_blank\">M\u00f3nica Bengoa<\/a>, representada en ARCO por la galer\u00eda chilena <a href=\"http:\/\/galeriaisabelaninat.cl\/artista\/\" target=\"_blank\">Isabel Aninat<\/a>. Y muy especialmente su proyecto <a href=\"http:\/\/monicabengoa.cl\/obra\/exercices-de-style-ejercicios-de-estilo-bordado\/\" target=\"_blank\"><em>Exercises de Style<\/em><\/a>, que<span class=\"s2\"> tiene como referencia el libro del mismo t\u00edtulo, cuyo autor es Raymond Queneau. Queneau narra en este libro un hecho cotidiano 99 veces de manera distinta, y Bengoa lo desarm\u00f3, arrug\u00f3 cada una de sus p\u00e1ginas, las fotografi\u00f3, y luego traslad\u00f3 las im\u00e1genes obtenidas a trabajos en fieltro y papel calados y bordados a mano.\u00a0<\/span><\/p>\n<p><img loading=\"lazy\" decoding=\"async\" class=\"aligncenter size-medium wp-image-2264\" src=\"http:\/\/xn--diseobasico-4db.com\/wp-content\/uploads\/2016\/03\/01-300x200.jpg\" alt=\"01\" width=\"300\" height=\"200\" srcset=\"https:\/\/blog.mariorodriguezruiz.com\/wp-content\/uploads\/2016\/03\/01-300x200.jpg 300w, https:\/\/blog.mariorodriguezruiz.com\/wp-content\/uploads\/2016\/03\/01-768x512.jpg 768w, https:\/\/blog.mariorodriguezruiz.com\/wp-content\/uploads\/2016\/03\/01.jpg 1000w\" sizes=\"auto, (max-width: 300px) 100vw, 300px\" \/><img loading=\"lazy\" decoding=\"async\" class=\"aligncenter size-medium wp-image-2265\" src=\"http:\/\/xn--diseobasico-4db.com\/wp-content\/uploads\/2016\/03\/00-1-300x200.jpg\" alt=\"00\" width=\"300\" height=\"200\" srcset=\"https:\/\/blog.mariorodriguezruiz.com\/wp-content\/uploads\/2016\/03\/00-1-300x200.jpg 300w, https:\/\/blog.mariorodriguezruiz.com\/wp-content\/uploads\/2016\/03\/00-1-768x512.jpg 768w, https:\/\/blog.mariorodriguezruiz.com\/wp-content\/uploads\/2016\/03\/00-1.jpg 1000w\" sizes=\"auto, (max-width: 300px) 100vw, 300px\" \/><\/p>\n<p>En el v\u00eddeo, la curadora de la galer\u00eda Isabel Aninat Javiera Garc\u00eda Huidobro.<\/p>\n<p><iframe loading=\"lazy\" title=\"[Vivir Smart] Javiera Garc\u00eda Huidobro\" width=\"560\" height=\"315\" src=\"https:\/\/www.youtube.com\/embed\/dGgPdyXMg9Y?feature=oembed\" frameborder=\"0\" allow=\"accelerometer; autoplay; clipboard-write; encrypted-media; gyroscope; picture-in-picture; web-share\" referrerpolicy=\"strict-origin-when-cross-origin\" allowfullscreen><\/iframe><\/p>\n<p>Otro de las obras que nos encantaron fue <em><a href=\"https:\/\/www.artsy.net\/artwork\/ignacio-uriarte-crumpled-and-flattened\" target=\"_blank\">Crumpled and flattened<\/a><\/em>, de Ignacio Uriarte. La pieza, presentada por la galer\u00eda <a href=\"http:\/\/www.noguerasblanchard.com\/\" target=\"_blank\">Nogueras Blanchard<\/a>, consiste en 12 filas de 10 folios arrugados y despu\u00e9s alisados, sujetos a la pared. Pocas veces hemos visto expresada de una forma tan clara y directa la m\u00e1xima \u00abMenos es m\u00e1s\u00bb. El arte p\u00f3vera m\u00e1s vivo que nunca.<\/p>\n<p><img loading=\"lazy\" decoding=\"async\" class=\"aligncenter size-medium wp-image-2263\" src=\"http:\/\/xn--diseobasico-4db.com\/wp-content\/uploads\/2016\/03\/aRCO-2016-50-225x300.jpg\" alt=\"aRCO 2016 (50)\" width=\"225\" height=\"300\" srcset=\"https:\/\/blog.mariorodriguezruiz.com\/wp-content\/uploads\/2016\/03\/aRCO-2016-50-225x300.jpg 225w, https:\/\/blog.mariorodriguezruiz.com\/wp-content\/uploads\/2016\/03\/aRCO-2016-50.jpg 480w\" sizes=\"auto, (max-width: 225px) 100vw, 225px\" \/><\/p>\n<h1><span class=\"artwork-detail-title\">\u00a0<\/span><\/h1>\n","protected":false},"excerpt":{"rendered":"<p>Del 26 al 28 de febrero tuvo lugar en Madrid la Feria de Arte Contempor\u00e1neo ARCO, el evento art\u00edstico m\u00e1s impostante del a\u00f1o en Espa\u00f1a. Y tuvimos la ocasi\u00f3n de poder visitarla. Una de las artistas que m\u00e1s nos gust\u00f3 fue M\u00f3nica Bengoa, representada en ARCO por la galer\u00eda chilena Isabel Aninat. Y muy especialmente&#8230;<br \/><a class=\"more-link\" href=\"https:\/\/blog.mariorodriguezruiz.com\/?p=2272\">Continue reading &raquo;<\/a><\/p>\n","protected":false},"author":1,"featured_media":0,"comment_status":"open","ping_status":"open","sticky":false,"template":"","format":"standard","meta":{"footnotes":""},"categories":[10,26,27],"tags":[102,103,104],"class_list":["post-2272","post","type-post","status-publish","format-standard","hentry","category-diseno","category-eventos-y-concursos","category-sitios-que-nos-gustan","tag-arco","tag-arte-contemporaneo","tag-ferias"],"_links":{"self":[{"href":"https:\/\/blog.mariorodriguezruiz.com\/index.php?rest_route=\/wp\/v2\/posts\/2272","targetHints":{"allow":["GET"]}}],"collection":[{"href":"https:\/\/blog.mariorodriguezruiz.com\/index.php?rest_route=\/wp\/v2\/posts"}],"about":[{"href":"https:\/\/blog.mariorodriguezruiz.com\/index.php?rest_route=\/wp\/v2\/types\/post"}],"author":[{"embeddable":true,"href":"https:\/\/blog.mariorodriguezruiz.com\/index.php?rest_route=\/wp\/v2\/users\/1"}],"replies":[{"embeddable":true,"href":"https:\/\/blog.mariorodriguezruiz.com\/index.php?rest_route=%2Fwp%2Fv2%2Fcomments&post=2272"}],"version-history":[{"count":5,"href":"https:\/\/blog.mariorodriguezruiz.com\/index.php?rest_route=\/wp\/v2\/posts\/2272\/revisions"}],"predecessor-version":[{"id":2277,"href":"https:\/\/blog.mariorodriguezruiz.com\/index.php?rest_route=\/wp\/v2\/posts\/2272\/revisions\/2277"}],"wp:attachment":[{"href":"https:\/\/blog.mariorodriguezruiz.com\/index.php?rest_route=%2Fwp%2Fv2%2Fmedia&parent=2272"}],"wp:term":[{"taxonomy":"category","embeddable":true,"href":"https:\/\/blog.mariorodriguezruiz.com\/index.php?rest_route=%2Fwp%2Fv2%2Fcategories&post=2272"},{"taxonomy":"post_tag","embeddable":true,"href":"https:\/\/blog.mariorodriguezruiz.com\/index.php?rest_route=%2Fwp%2Fv2%2Ftags&post=2272"}],"curies":[{"name":"wp","href":"https:\/\/api.w.org\/{rel}","templated":true}]}}