{"id":2305,"date":"2016-03-05T13:00:34","date_gmt":"2016-03-05T13:00:34","guid":{"rendered":"http:\/\/xn--diseobasico-4db.com\/?p=2305"},"modified":"2016-03-05T11:49:25","modified_gmt":"2016-03-05T11:49:25","slug":"nuevas-figuraciones","status":"publish","type":"post","link":"https:\/\/blog.mariorodriguezruiz.com\/?p=2305","title":{"rendered":"Nuevas figuraciones"},"content":{"rendered":"<p>A finales de enero se clausur\u00f3 en la parisina Sobering Galerie la exposici\u00f3n <a href=\"http:\/\/soberinggalerie.com\/?p=3250\" target=\"_blank\"><em>Brisure de Sym\u00e9trie<\/em><\/a>, comisariada por Bernardo Sopelana.<\/p>\n<p>Sopelana ha coordinado recientemente la presencia de\u00a0 Mexico City en la feria internacional de arte emergente <a href=\"http:\/\/justmad.es\/\" target=\"_blank\">JustMad 7<\/a>. Es co-fundador y director art\u00edstico de <a href=\"http:\/\/www.calorcalor.org\/\" target=\"_blank\">Calor Calor<\/a>, programa de residencias art\u00edsticas en el desierto de Baja California Sur en M\u00e9xico.<\/p>\n<p>El curador mexicano seleccion\u00f3 para la muestra Brisure de Symetrie a dos de los artistas m\u00e1s interesantes de la escena figurativa actual: <a href=\"http:\/\/www.alainurrutia.com\/\" target=\"_blank\">Alain Urrutia <\/a>y <a href=\"http:\/\/www.nachomartinsilva.com\/\" target=\"_blank\">Nacho Mart\u00edn-Silva<\/a>.<\/p>\n<p><img decoding=\"async\" id=\"cc-m-imagesubtitle-image-5512245759\" class=\"\" src=\"https:\/\/image.jimcdn.com\/app\/cms\/image\/transf\/dimension=867x10000:format=jpg\/path\/s3f84e907ab9be359\/image\/i3ef4f3131ee0c0cf\/version\/1433990936\/image.jpg\" sizes=\"(min-width: 867px) 867px, 100vw\" srcset=\"https:\/\/image.jimcdn.com\/app\/cms\/image\/transf\/dimension=867x10000:format=jpg\/path\/s3f84e907ab9be359\/image\/i3ef4f3131ee0c0cf\/version\/1433990936\/image.jpg 867w, https:\/\/image.jimcdn.com\/app\/cms\/image\/transf\/dimension=640x10000:format=jpg\/path\/s3f84e907ab9be359\/image\/i3ef4f3131ee0c0cf\/version\/1433990936\/image.jpg 640w, https:\/\/image.jimcdn.com\/app\/cms\/image\/transf\/dimension=320x10000:format=jpg\/path\/s3f84e907ab9be359\/image\/i3ef4f3131ee0c0cf\/version\/1433990936\/image.jpg 320w\" alt=\"\" data-src-width=\"1820\" data-src-height=\"1212\" \/><\/p>\n<p><span style=\"color: #454545;\">Alain Urrutia:<em> Paraleloan\/In parallel<\/em><\/span>, 2013. \u00d3leo sobre lienzo, 250 x 400 cm.<\/p>\n<p><img loading=\"lazy\" decoding=\"async\" class=\"aligncenter size-medium wp-image-2309\" src=\"http:\/\/xn--diseobasico-4db.com\/wp-content\/uploads\/2016\/05\/01-271x300.jpg\" alt=\"01\" width=\"271\" height=\"300\" srcset=\"https:\/\/blog.mariorodriguezruiz.com\/wp-content\/uploads\/2016\/05\/01-271x300.jpg 271w, https:\/\/blog.mariorodriguezruiz.com\/wp-content\/uploads\/2016\/05\/01.jpg 610w\" sizes=\"auto, (max-width: 271px) 100vw, 271px\" \/><\/p>\n<p>Nacho Mart\u00edn-Silva:<em> Dorothy from West<\/em> (de la serie <em>M\u00e1s all\u00e1 del arco\u00edris<\/em>), 2013. \u00d3leo sobre lienzo, 46 x 41 cm.<\/p>\n<p>Por <a href=\"http:\/\/mariorodriguezruiz.com\/\" target=\"_blank\">Mario Rodr\u00edguez Ruiz<\/a>.<\/p>\n","protected":false},"excerpt":{"rendered":"<p>A finales de enero se clausur\u00f3 en la parisina Sobering Galerie la exposici\u00f3n Brisure de Sym\u00e9trie, comisariada por Bernardo Sopelana. Sopelana ha coordinado recientemente la presencia de\u00a0 Mexico City en la feria internacional de arte emergente JustMad 7. Es co-fundador y director art\u00edstico de Calor Calor, programa de residencias art\u00edsticas en el desierto de Baja&#8230;<br \/><a class=\"more-link\" href=\"https:\/\/blog.mariorodriguezruiz.com\/?p=2305\">Continue reading &raquo;<\/a><\/p>\n","protected":false},"author":1,"featured_media":0,"comment_status":"closed","ping_status":"open","sticky":false,"template":"","format":"standard","meta":{"footnotes":""},"categories":[10],"tags":[103,110,112,29,111],"class_list":["post-2305","post","type-post","status-publish","format-standard","hentry","category-diseno","tag-arte-contemporaneo","tag-figuracion","tag-mexico","tag-pintura","tag-residencias-artisticas"],"_links":{"self":[{"href":"https:\/\/blog.mariorodriguezruiz.com\/index.php?rest_route=\/wp\/v2\/posts\/2305","targetHints":{"allow":["GET"]}}],"collection":[{"href":"https:\/\/blog.mariorodriguezruiz.com\/index.php?rest_route=\/wp\/v2\/posts"}],"about":[{"href":"https:\/\/blog.mariorodriguezruiz.com\/index.php?rest_route=\/wp\/v2\/types\/post"}],"author":[{"embeddable":true,"href":"https:\/\/blog.mariorodriguezruiz.com\/index.php?rest_route=\/wp\/v2\/users\/1"}],"replies":[{"embeddable":true,"href":"https:\/\/blog.mariorodriguezruiz.com\/index.php?rest_route=%2Fwp%2Fv2%2Fcomments&post=2305"}],"version-history":[{"count":3,"href":"https:\/\/blog.mariorodriguezruiz.com\/index.php?rest_route=\/wp\/v2\/posts\/2305\/revisions"}],"predecessor-version":[{"id":2310,"href":"https:\/\/blog.mariorodriguezruiz.com\/index.php?rest_route=\/wp\/v2\/posts\/2305\/revisions\/2310"}],"wp:attachment":[{"href":"https:\/\/blog.mariorodriguezruiz.com\/index.php?rest_route=%2Fwp%2Fv2%2Fmedia&parent=2305"}],"wp:term":[{"taxonomy":"category","embeddable":true,"href":"https:\/\/blog.mariorodriguezruiz.com\/index.php?rest_route=%2Fwp%2Fv2%2Fcategories&post=2305"},{"taxonomy":"post_tag","embeddable":true,"href":"https:\/\/blog.mariorodriguezruiz.com\/index.php?rest_route=%2Fwp%2Fv2%2Ftags&post=2305"}],"curies":[{"name":"wp","href":"https:\/\/api.w.org\/{rel}","templated":true}]}}