{"id":2314,"date":"2016-03-07T08:53:02","date_gmt":"2016-03-07T08:53:02","guid":{"rendered":"http:\/\/xn--diseobasico-4db.com\/?p=2314"},"modified":"2016-12-23T18:30:01","modified_gmt":"2016-12-23T18:30:01","slug":"arranca-photoalicante","status":"publish","type":"post","link":"https:\/\/blog.mariorodriguezruiz.com\/?p=2314","title":{"rendered":"Arranca Photoalicante"},"content":{"rendered":"<p><img loading=\"lazy\" decoding=\"async\" class=\"aligncenter size-medium wp-image-2331\" src=\"http:\/\/xn--diseobasico-4db.com\/wp-content\/uploads\/2016\/03\/02-1-225x300.jpg\" alt=\"02\" width=\"225\" height=\"300\" srcset=\"https:\/\/blog.mariorodriguezruiz.com\/wp-content\/uploads\/2016\/03\/02-1-225x300.jpg 225w, https:\/\/blog.mariorodriguezruiz.com\/wp-content\/uploads\/2016\/03\/02-1.jpg 480w\" sizes=\"auto, (max-width: 225px) 100vw, 225px\" \/><\/p>\n<p>Uno de los eventos art\u00edsticos de la provincia\u00a0ya est\u00e1 en marcha. <a href=\"http:\/\/www.photoalicante.com\/\" target=\"_blank\">Photoalicante International Photography Festival<\/a> es un proyecto colaborativo y participativo que apuesta por la innovaci\u00f3n y el desarrollo de nuevos espacio\u00a0creativos, buscando ofrecer nuevas\u00a0experiencias a todos los sectores e individuos que forman parte del entorno cultural. Pod\u00e9is consultar el programa de actos <a href=\"http:\/\/www.photoalicante.com\/programa\/\" target=\"_blank\">aqu\u00ed<\/a>.<\/p>\n<p>Photoalicante naci\u00f3 a partir de una iniciativa de las asociaciones ASAIC (Asociaci\u00f3n de Autores Independientes Contempor\u00e1neos) y Explicarte. Est\u00e1 dirigido por Le\u00f3nidas Espilelli, y su equipo est\u00e1 constituido por Natalia Pe\u00f1a, Mar\u00eda Jos\u00e9 L\u00f3pez y Leticia Cano (Gesti\u00f3n Expositiva), Mar\u00eda L\u00f3pez y Lucia Morate (Gesti\u00f3n de contenidos), Pedro Mu\u00f1oz Ordo\u00f1ez (Documentaci\u00f3n), Mariola Llorca y \u00c1ngeles Fischer (Prensa y comunicaci\u00f3n), Rafael V\u00e1zquez (Dise\u00f1o web), Adri\u00e1n Iborra (Programaci\u00f3n), Mart\u00edn Sevillano (Log\u00edstica), Sergio Ortega y Victor Lario <strong>(Gesti\u00f3n empresarial) y <\/strong>Gustavo Alem\u00e1n, Pascual Mart\u00ednez, Vincent Saez, Carolina Diego, David Mirete y Gabriel Samper (Colaboradores).<\/p>\n<p><img loading=\"lazy\" decoding=\"async\" class=\"aligncenter size-medium wp-image-2324\" src=\"http:\/\/xn--diseobasico-4db.com\/wp-content\/uploads\/2016\/03\/01-1-200x300.jpg\" alt=\"01\" width=\"200\" height=\"300\" srcset=\"https:\/\/blog.mariorodriguezruiz.com\/wp-content\/uploads\/2016\/03\/01-1-200x300.jpg 200w, https:\/\/blog.mariorodriguezruiz.com\/wp-content\/uploads\/2016\/03\/01-1-768x1152.jpg 768w, https:\/\/blog.mariorodriguezruiz.com\/wp-content\/uploads\/2016\/03\/01-1-683x1024.jpg 683w, https:\/\/blog.mariorodriguezruiz.com\/wp-content\/uploads\/2016\/03\/01-1.jpg 1205w\" sizes=\"auto, (max-width: 200px) 100vw, 200px\" \/><\/p>\n<p>Portada del programa de Photoalicante, con la fotograf\u00eda de <a href=\"http:\/\/www.photoalicante.com\/paco-poyato\/\">Paco Poyato<\/a>.<\/p>\n<p>El pasado viernes tuvo lugar la apertura de una de las muestras m\u00e1s importantes del programa, en la Lonja del Pescado de Alicante. En ella se pueden ver las fotograf\u00edas de, Salvi Dan\u00e9s, Gustavo Alem\u00e1n, Eva Casanueva,\u00a0 Adri\u00e0 Lucas y Flor Mayoral. Adem\u00e1s, la exposici\u00f3n cuenta con una secci\u00f3n dedicada a las fotograf\u00edas de Instagram, realizadas por autores como <a href=\"https:\/\/www.instagram.com\/squarefied\/\" target=\"_blank\">@squarefied<\/a>.<\/p>\n<p><img loading=\"lazy\" decoding=\"async\" class=\"aligncenter size-medium wp-image-2317\" src=\"http:\/\/xn--diseobasico-4db.com\/wp-content\/uploads\/2016\/03\/03-237x300.jpg\" alt=\"03\" width=\"237\" height=\"300\" srcset=\"https:\/\/blog.mariorodriguezruiz.com\/wp-content\/uploads\/2016\/03\/03-237x300.jpg 237w, https:\/\/blog.mariorodriguezruiz.com\/wp-content\/uploads\/2016\/03\/03.jpg 574w\" sizes=\"auto, (max-width: 237px) 100vw, 237px\" \/><\/p>\n<p>Squarefied: <em>Escalera de color.<\/em><\/p>\n<p><img loading=\"lazy\" decoding=\"async\" class=\"aligncenter size-medium wp-image-2318\" src=\"http:\/\/xn--diseobasico-4db.com\/wp-content\/uploads\/2016\/03\/02-230x300.jpg\" alt=\"02\" width=\"230\" height=\"300\" srcset=\"https:\/\/blog.mariorodriguezruiz.com\/wp-content\/uploads\/2016\/03\/02-230x300.jpg 230w, https:\/\/blog.mariorodriguezruiz.com\/wp-content\/uploads\/2016\/03\/02.jpg 566w\" sizes=\"auto, (max-width: 230px) 100vw, 230px\" \/><\/p>\n<p>Squarefied: <em>Zapatos gastados.<\/em><\/p>\n<div data-canvas-width=\"79.86263194933146\">El acto cont\u00f3 con la presencia de <a href=\"https:\/\/www.facebook.com\/perKdeejay-298538490167855\/?pnref=story.unseen-section\" target=\"_blank\">perK.deejay<\/a>, que como siempre nos deleit\u00f3 con una m\u00fasica elegante y de calidad.<\/div>\n<div data-canvas-width=\"79.86263194933146\"><\/div>\n<div data-canvas-width=\"79.86263194933146\"><img loading=\"lazy\" decoding=\"async\" class=\"aligncenter size-medium wp-image-2330\" src=\"http:\/\/xn--diseobasico-4db.com\/wp-content\/uploads\/2016\/03\/00-4-221x300.jpg\" alt=\"00\" width=\"221\" height=\"300\" srcset=\"https:\/\/blog.mariorodriguezruiz.com\/wp-content\/uploads\/2016\/03\/00-4-221x300.jpg 221w, https:\/\/blog.mariorodriguezruiz.com\/wp-content\/uploads\/2016\/03\/00-4.jpg 294w\" sizes=\"auto, (max-width: 221px) 100vw, 221px\" \/><\/div>\n<div data-canvas-width=\"79.86263194933146\"><\/div>\n<div data-canvas-width=\"79.86263194933146\">Por <a href=\"http:\/\/mariorodriguezruiz.com\/\">Mario Rodr\u00edguez Ruiz<\/a>.<\/div>\n","protected":false},"excerpt":{"rendered":"<p>Uno de los eventos art\u00edsticos de la provincia\u00a0ya est\u00e1 en marcha. Photoalicante International Photography Festival es un proyecto colaborativo y participativo que apuesta por la innovaci\u00f3n y el desarrollo de nuevos espacio\u00a0creativos, buscando ofrecer nuevas\u00a0experiencias a todos los sectores e individuos que forman parte del entorno cultural. Pod\u00e9is consultar el programa de actos aqu\u00ed. Photoalicante&#8230;<br \/><a class=\"more-link\" href=\"https:\/\/blog.mariorodriguezruiz.com\/?p=2314\">Continue reading &raquo;<\/a><\/p>\n","protected":false},"author":1,"featured_media":0,"comment_status":"open","ping_status":"open","sticky":false,"template":"","format":"standard","meta":{"footnotes":""},"categories":[10,26],"tags":[114,103,70,115,113],"class_list":["post-2314","post","type-post","status-publish","format-standard","hentry","category-diseno","category-eventos-y-concursos","tag-alicante","tag-arte-contemporaneo","tag-fotografia","tag-musica-electronica","tag-photoalicante"],"_links":{"self":[{"href":"https:\/\/blog.mariorodriguezruiz.com\/index.php?rest_route=\/wp\/v2\/posts\/2314","targetHints":{"allow":["GET"]}}],"collection":[{"href":"https:\/\/blog.mariorodriguezruiz.com\/index.php?rest_route=\/wp\/v2\/posts"}],"about":[{"href":"https:\/\/blog.mariorodriguezruiz.com\/index.php?rest_route=\/wp\/v2\/types\/post"}],"author":[{"embeddable":true,"href":"https:\/\/blog.mariorodriguezruiz.com\/index.php?rest_route=\/wp\/v2\/users\/1"}],"replies":[{"embeddable":true,"href":"https:\/\/blog.mariorodriguezruiz.com\/index.php?rest_route=%2Fwp%2Fv2%2Fcomments&post=2314"}],"version-history":[{"count":12,"href":"https:\/\/blog.mariorodriguezruiz.com\/index.php?rest_route=\/wp\/v2\/posts\/2314\/revisions"}],"predecessor-version":[{"id":2443,"href":"https:\/\/blog.mariorodriguezruiz.com\/index.php?rest_route=\/wp\/v2\/posts\/2314\/revisions\/2443"}],"wp:attachment":[{"href":"https:\/\/blog.mariorodriguezruiz.com\/index.php?rest_route=%2Fwp%2Fv2%2Fmedia&parent=2314"}],"wp:term":[{"taxonomy":"category","embeddable":true,"href":"https:\/\/blog.mariorodriguezruiz.com\/index.php?rest_route=%2Fwp%2Fv2%2Fcategories&post=2314"},{"taxonomy":"post_tag","embeddable":true,"href":"https:\/\/blog.mariorodriguezruiz.com\/index.php?rest_route=%2Fwp%2Fv2%2Ftags&post=2314"}],"curies":[{"name":"wp","href":"https:\/\/api.w.org\/{rel}","templated":true}]}}