{"id":3001,"date":"2018-02-09T19:32:45","date_gmt":"2018-02-09T19:32:45","guid":{"rendered":"http:\/\/xn--diseobasico-4db.com\/?p=3001"},"modified":"2018-02-09T19:40:43","modified_gmt":"2018-02-09T19:40:43","slug":"3001","status":"publish","type":"post","link":"https:\/\/blog.mariorodriguezruiz.com\/?p=3001","title":{"rendered":"Elisa Arguil\u00e9"},"content":{"rendered":"<p>Me gustar\u00eda presentaros los trabajos de <a href=\"http:\/\/www.loscuatroazules.com\/team\/elisa-arguile\/\" target=\"_blank\" rel=\"noopener\">Elisa Arguil\u00e9 Mart\u00ednez<\/a>, una de las ilustradoras espa\u00f1olas m\u00e1s interesantes de la llamada Generaci\u00f3n X.<\/p>\n<p>Elisa Arguil\u00e9 Estudi\u00f3 grabado en la Facultad de Bellas Artes de Madrid, y ha ilustrado libros como <a href=\"http:\/\/revistababar.com\/wp\/sombras-de-manos\/\" target=\"_blank\" rel=\"noopener\"><em>Sombras de manos<\/em><\/a>, de Vicente Mu\u00f1oz Pueyez, <a href=\"https:\/\/www.boolino.es\/es\/blogboolino\/articulo\/mitos-de-memoria-del-fuego-eduardo-galeano-para-primeros-lectores\/\" target=\"_blank\" rel=\"noopener\"><em>Mitos de memoria del fuego<\/em><\/a>, de Eduardo Galeano, o <a href=\"http:\/\/unabrazolector.blogspot.com.es\/2015\/10\/el-sombrero-volador-de-daniel-nesquens.html\" target=\"_blank\" rel=\"noopener\"><em>El sombrero volador<\/em><\/a>, de Daniel Nesquens.<\/p>\n<p><img loading=\"lazy\" decoding=\"async\" class=\"aligncenter size-medium wp-image-3006\" src=\"http:\/\/xn--diseobasico-4db.com\/wp-content\/uploads\/2018\/02\/000-198x300.jpg\" alt=\"\" width=\"198\" height=\"300\" srcset=\"https:\/\/blog.mariorodriguezruiz.com\/wp-content\/uploads\/2018\/02\/000-198x300.jpg 198w, https:\/\/blog.mariorodriguezruiz.com\/wp-content\/uploads\/2018\/02\/000-768x1166.jpg 768w, https:\/\/blog.mariorodriguezruiz.com\/wp-content\/uploads\/2018\/02\/000-675x1024.jpg 675w, https:\/\/blog.mariorodriguezruiz.com\/wp-content\/uploads\/2018\/02\/000.jpg 1000w\" sizes=\"auto, (max-width: 198px) 100vw, 198px\" \/><\/p>\n<p><img loading=\"lazy\" decoding=\"async\" class=\"aligncenter size-medium wp-image-3002\" src=\"http:\/\/xn--diseobasico-4db.com\/wp-content\/uploads\/2018\/02\/Elisa-Arguil\u00e9-01-193x300.jpg\" alt=\"\" width=\"193\" height=\"300\" srcset=\"https:\/\/blog.mariorodriguezruiz.com\/wp-content\/uploads\/2018\/02\/Elisa-Arguil\u00e9-01-193x300.jpg 193w, https:\/\/blog.mariorodriguezruiz.com\/wp-content\/uploads\/2018\/02\/Elisa-Arguil\u00e9-01.jpg 386w\" sizes=\"auto, (max-width: 193px) 100vw, 193px\" \/><\/p>\n<p><img loading=\"lazy\" decoding=\"async\" class=\"aligncenter size-medium wp-image-3003\" src=\"http:\/\/xn--diseobasico-4db.com\/wp-content\/uploads\/2018\/02\/Elisa-Arguil\u00e9-04-214x300.jpg\" alt=\"\" width=\"214\" height=\"300\" srcset=\"https:\/\/blog.mariorodriguezruiz.com\/wp-content\/uploads\/2018\/02\/Elisa-Arguil\u00e9-04-214x300.jpg 214w, https:\/\/blog.mariorodriguezruiz.com\/wp-content\/uploads\/2018\/02\/Elisa-Arguil\u00e9-04.jpg 300w\" sizes=\"auto, (max-width: 214px) 100vw, 214px\" \/><\/p>\n","protected":false},"excerpt":{"rendered":"<p>Me gustar\u00eda presentaros los trabajos de Elisa Arguil\u00e9 Mart\u00ednez, una de las ilustradoras espa\u00f1olas m\u00e1s interesantes de la llamada Generaci\u00f3n X. Elisa Arguil\u00e9 Estudi\u00f3 grabado en la Facultad de Bellas Artes de Madrid, y ha ilustrado libros como Sombras de manos, de Vicente Mu\u00f1oz Pueyez, Mitos de memoria del fuego, de Eduardo Galeano, o El&#8230;<br \/><a class=\"more-link\" href=\"https:\/\/blog.mariorodriguezruiz.com\/?p=3001\">Continue reading &raquo;<\/a><\/p>\n","protected":false},"author":1,"featured_media":0,"comment_status":"open","ping_status":"open","sticky":false,"template":"","format":"standard","meta":{"footnotes":""},"categories":[36,1,25,46,28],"tags":[],"class_list":["post-3001","post","type-post","status-publish","format-standard","hentry","category-ilustracion","category-uncategorized","category-dibujo-y-tecnicas-graficas","category-bibliografia","category-diseno-grafico"],"_links":{"self":[{"href":"https:\/\/blog.mariorodriguezruiz.com\/index.php?rest_route=\/wp\/v2\/posts\/3001","targetHints":{"allow":["GET"]}}],"collection":[{"href":"https:\/\/blog.mariorodriguezruiz.com\/index.php?rest_route=\/wp\/v2\/posts"}],"about":[{"href":"https:\/\/blog.mariorodriguezruiz.com\/index.php?rest_route=\/wp\/v2\/types\/post"}],"author":[{"embeddable":true,"href":"https:\/\/blog.mariorodriguezruiz.com\/index.php?rest_route=\/wp\/v2\/users\/1"}],"replies":[{"embeddable":true,"href":"https:\/\/blog.mariorodriguezruiz.com\/index.php?rest_route=%2Fwp%2Fv2%2Fcomments&post=3001"}],"version-history":[{"count":6,"href":"https:\/\/blog.mariorodriguezruiz.com\/index.php?rest_route=\/wp\/v2\/posts\/3001\/revisions"}],"predecessor-version":[{"id":3010,"href":"https:\/\/blog.mariorodriguezruiz.com\/index.php?rest_route=\/wp\/v2\/posts\/3001\/revisions\/3010"}],"wp:attachment":[{"href":"https:\/\/blog.mariorodriguezruiz.com\/index.php?rest_route=%2Fwp%2Fv2%2Fmedia&parent=3001"}],"wp:term":[{"taxonomy":"category","embeddable":true,"href":"https:\/\/blog.mariorodriguezruiz.com\/index.php?rest_route=%2Fwp%2Fv2%2Fcategories&post=3001"},{"taxonomy":"post_tag","embeddable":true,"href":"https:\/\/blog.mariorodriguezruiz.com\/index.php?rest_route=%2Fwp%2Fv2%2Ftags&post=3001"}],"curies":[{"name":"wp","href":"https:\/\/api.w.org\/{rel}","templated":true}]}}