{"id":3073,"date":"2018-09-18T10:14:26","date_gmt":"2018-09-18T10:14:26","guid":{"rendered":"http:\/\/xn--diseobasico-4db.com\/?p=3073"},"modified":"2018-09-18T10:23:29","modified_gmt":"2018-09-18T10:23:29","slug":"jaime-hayon-haga-lo-que-haga-estare-dibujando","status":"publish","type":"post","link":"https:\/\/blog.mariorodriguezruiz.com\/?p=3073","title":{"rendered":"Jaime Hay\u00f3n: Haga lo que haga estar\u00e9 dibujando"},"content":{"rendered":"<p><a href=\"http:\/\/www.hayonstudio.com\/\" target=\"_blank\" rel=\"noopener\">Jaime Hay\u00f3n<\/a> (Madrid, 1974), vive en Valencia desde hace varios a\u00f1os. Con una formaci\u00f3n donde se combinaron el graffiti y el dise\u00f1o industrial, Hay\u00f3n se mueve entre dos \u00e1mbitos: el arte y el dise\u00f1o. Se trata de una combinaci\u00f3n no siempre bien entendida (o considerada), tanto por el mundo art\u00edstico como por el del dise\u00f1o. Pero en el caso de Hay\u00f3n est\u00e1 dando unos resultados incontestables.<\/p>\n<p>Jaime Hay\u00f3n ha expuesto su obra en espacios como la <a href=\"http:\/\/www.aarangallery.com\/\" target=\"_blank\" rel=\"noopener\">Galer\u00eda Aram<\/a> de Londres, el <a href=\"https:\/\/www.salonemilano.it\/\" target=\"_blank\" rel=\"noopener\">Salone del Mobile<\/a> de Mil\u00e1n, la <a href=\"http:\/\/vividartgallery.net\/\" target=\"_blank\" rel=\"noopener\">Vivid Gallery<\/a>, de R\u00f3terdam, o <a href=\"https:\/\/www.artbasel.com\/\" target=\"_blank\" rel=\"noopener\">Feria de Arte Basel,<\/a>\u00a0y ha trabajado para <a href=\"https:\/\/www.camper.com\/es_ES?gclid=CjwKCAjwxILdBRBqEiwAHL2R80A7zw9Al3owJepWRlfUFC_SkBEBRSAXgxHpAEWmgiOEW_W2jdh0VhoC2fYQAvD_BwE&amp;gclsrc=aw.ds\" target=\"_blank\" rel=\"noopener\">Camper<\/a>, <a href=\"http:\/\/metalarte.com\/es\/69\" target=\"_blank\" rel=\"noopener\">Metalarte<\/a>, <a href=\"https:\/\/us.baccarat.com\/\" target=\"_blank\" rel=\"noopener\">Baccarat<\/a>, <a href=\"https:\/\/www.moooi.com\/\" target=\"_blank\" rel=\"noopener\">Moooi<\/a>, <a href=\"https:\/\/www.lladro.com\/?gclid=CjwKCAjwxILdBRBqEiwAHL2R80KW8NID_xsFFhT_dPGE8SoDTI6bJTxBPzgMt_8Z7L9pRQMF2qjNTxoConQQAvD_BwE\" target=\"_blank\" rel=\"noopener\">Lladr\u00f3<\/a>, entre otras marcas.<\/p>\n<p>En la entrevista publicada en del <a href=\"https:\/\/issuu.com\/prisarevistas\/docs\/renfe32\" target=\"_blank\" rel=\"noopener\">n\u00famero 32<\/a> de la revista <em>Club +Renfe<\/em>, cuya lectura recomendamos, Mario Su\u00e1rez destaca el dibujo en la obra de Hay\u00f3n como \u00abel origen de todo\u00bb. De hecho, sus cuadernos de estudio fueron expuestos recientemente en el <a href=\"http:\/\/madriddesignfestival.com\/actividad\/jaime-hayon-exposicion\/\" target=\"_blank\" rel=\"noopener\">Madrid Design Festival<\/a>. Y ha incluido varios de sus dibujos en una <a href=\"https:\/\/www.dezeen.com\/2017\/09\/05\/jaime-hayon-jasper-morrison-new-fashion-clothing-menswear-brand-jijibaba\/\" target=\"_blank\" rel=\"noopener\">l\u00ednea de ropa de la firma Jijibaba<\/a>.<\/p>\n<p>A la pregunta de Mario Su\u00e1rez acerca de su futuro, Jaime Hay\u00f3n responde: \u00abMe quedan demasiadas cosas que hacer este a\u00f1o y no me da para pensar en qu\u00e9 har\u00e9 dentro de unos a\u00f1os. Me preocupa m\u00e1s el ahora. Lo que siento es que haga lo que haga, estar\u00e9 dibujando\u00bb.<\/p>\n<p><img decoding=\"async\" src=\"http:\/\/2.bp.blogspot.com\/-jOMQ82yvR5k\/UWIvCdr7rMI\/AAAAAAAACmI\/1V30p1M5lVE\/s400\/5.jpg\" \/><\/p>\n<p><img decoding=\"async\" src=\"http:\/\/4.bp.blogspot.com\/-gmg3pyyTs8A\/UWIvD7KmAGI\/AAAAAAAACmY\/EW_NrxeyCGI\/s400\/6.jpg\" \/><\/p>\n<p><img decoding=\"async\" src=\"http:\/\/4.bp.blogspot.com\/-RncsppRrYrE\/TbyFb3LQZhI\/AAAAAAAABQo\/oNGyyYbQbOw\/s1600\/dzn_Ceramic-tableware-by-Jaime-Hayon-23.jpg\" alt=\"Resultado de imagen de jaime hay\u00c3\u00b3n dibujos\" \/><\/p>\n<p><img decoding=\"async\" src=\"https:\/\/decoratrix.estaticos.com.es\/img\/posts\/2017\/06\/piezas-ceramicas-de-jaime-hayon-para-vista-alegre.jpg\" alt=\"Resultado de imagen de jaime hay\u00c3\u00b3n dibujos\" \/><\/p>\n<p>&nbsp;<\/p>\n<p>&nbsp;<\/p>\n<p>&nbsp;<\/p>\n<p>&nbsp;<\/p>\n","protected":false},"excerpt":{"rendered":"<p>Jaime Hay\u00f3n (Madrid, 1974), vive en Valencia desde hace varios a\u00f1os. Con una formaci\u00f3n donde se combinaron el graffiti y el dise\u00f1o industrial, Hay\u00f3n se mueve entre dos \u00e1mbitos: el arte y el dise\u00f1o. Se trata de una combinaci\u00f3n no siempre bien entendida (o considerada), tanto por el mundo art\u00edstico como por el del dise\u00f1o&#8230;.<br \/><a class=\"more-link\" href=\"https:\/\/blog.mariorodriguezruiz.com\/?p=3073\">Continue reading &raquo;<\/a><\/p>\n","protected":false},"author":1,"featured_media":0,"comment_status":"open","ping_status":"open","sticky":false,"template":"","format":"standard","meta":{"footnotes":""},"categories":[4,10,37,34,32],"tags":[],"class_list":["post-3073","post","type-post","status-publish","format-standard","hentry","category-diseno-2","category-diseno","category-ceramica","category-diseno-de-interiores","category-diseno-de-producto"],"_links":{"self":[{"href":"https:\/\/blog.mariorodriguezruiz.com\/index.php?rest_route=\/wp\/v2\/posts\/3073","targetHints":{"allow":["GET"]}}],"collection":[{"href":"https:\/\/blog.mariorodriguezruiz.com\/index.php?rest_route=\/wp\/v2\/posts"}],"about":[{"href":"https:\/\/blog.mariorodriguezruiz.com\/index.php?rest_route=\/wp\/v2\/types\/post"}],"author":[{"embeddable":true,"href":"https:\/\/blog.mariorodriguezruiz.com\/index.php?rest_route=\/wp\/v2\/users\/1"}],"replies":[{"embeddable":true,"href":"https:\/\/blog.mariorodriguezruiz.com\/index.php?rest_route=%2Fwp%2Fv2%2Fcomments&post=3073"}],"version-history":[{"count":6,"href":"https:\/\/blog.mariorodriguezruiz.com\/index.php?rest_route=\/wp\/v2\/posts\/3073\/revisions"}],"predecessor-version":[{"id":3079,"href":"https:\/\/blog.mariorodriguezruiz.com\/index.php?rest_route=\/wp\/v2\/posts\/3073\/revisions\/3079"}],"wp:attachment":[{"href":"https:\/\/blog.mariorodriguezruiz.com\/index.php?rest_route=%2Fwp%2Fv2%2Fmedia&parent=3073"}],"wp:term":[{"taxonomy":"category","embeddable":true,"href":"https:\/\/blog.mariorodriguezruiz.com\/index.php?rest_route=%2Fwp%2Fv2%2Fcategories&post=3073"},{"taxonomy":"post_tag","embeddable":true,"href":"https:\/\/blog.mariorodriguezruiz.com\/index.php?rest_route=%2Fwp%2Fv2%2Ftags&post=3073"}],"curies":[{"name":"wp","href":"https:\/\/api.w.org\/{rel}","templated":true}]}}