{"id":3099,"date":"2018-10-08T10:44:34","date_gmt":"2018-10-08T10:44:34","guid":{"rendered":"http:\/\/xn--diseobasico-4db.com\/?p=3099"},"modified":"2018-10-18T06:49:36","modified_gmt":"2018-10-18T06:49:36","slug":"3099","status":"publish","type":"post","link":"https:\/\/blog.mariorodriguezruiz.com\/?p=3099","title":{"rendered":"Jornadas de de Poes\u00eda e Ilustraci\u00f3n"},"content":{"rendered":"<p>La <a href=\"http:\/\/www.bibliotecaspublicas.es\/alicante\/\" target=\"_blank\" rel=\"noopener\">biblioteca p\u00fablica Azor\u00edn de Alicante<\/a> y el <a href=\"https:\/\/www.facebook.com\/groups\/130880530598538\/\" target=\"_blank\" rel=\"noopener\">Club de lectura de \u00c1lbum Ilustrado y Poes\u00eda infantil \u00ab\u00a1Que viene el lobo!\u00bb<\/a> han organizado la tercera edici\u00f3n de las Jornadas de de Poes\u00eda e Ilustraci\u00f3n. Este a\u00f1o tendr\u00e1n lugar los d\u00edas 6, 8 y 12 de noviembre, a las 18:30 h. Y contar\u00e1n con la presencia de autores como Beatriz Os\u00e9s, Miguel \u00c1ngel D\u00edez, Antonio Garc\u00eda Teijeiro, Juan Carlos Mart\u00edn Ramos y Ana Garral\u00f3n. Pod\u00e9is inscribiros enviando un mail antes del 30 de octubre a bpea@gva.es, indicando vuestro nombre y centro de trabajo. \u00a1No os las perd\u00e1is!<\/p>\n<p>&nbsp;<\/p>\n<p><img decoding=\"async\" src=\"https:\/\/scontent-mad1-1.xx.fbcdn.net\/v\/t1.15752-9\/43354551_340673086702898_4629667981343850496_n.jpg?_nc_cat=102&amp;oh=cdfd60504dc796aee262610e659badce&amp;oe=5C557CE1\" \/><\/p>\n","protected":false},"excerpt":{"rendered":"<p>La biblioteca p\u00fablica Azor\u00edn de Alicante y el Club de lectura de \u00c1lbum Ilustrado y Poes\u00eda infantil \u00ab\u00a1Que viene el lobo!\u00bb han organizado la tercera edici\u00f3n de las Jornadas de de Poes\u00eda e Ilustraci\u00f3n. Este a\u00f1o tendr\u00e1n lugar los d\u00edas 6, 8 y 12 de noviembre, a las 18:30 h. Y contar\u00e1n con la presencia&#8230;<br \/><a class=\"more-link\" href=\"https:\/\/blog.mariorodriguezruiz.com\/?p=3099\">Continue reading &raquo;<\/a><\/p>\n","protected":false},"author":1,"featured_media":0,"comment_status":"open","ping_status":"open","sticky":false,"template":"","format":"standard","meta":{"footnotes":""},"categories":[36,26,28],"tags":[149],"class_list":["post-3099","post","type-post","status-publish","format-standard","hentry","category-ilustracion","category-eventos-y-concursos","category-diseno-grafico","tag-jornadas"],"_links":{"self":[{"href":"https:\/\/blog.mariorodriguezruiz.com\/index.php?rest_route=\/wp\/v2\/posts\/3099","targetHints":{"allow":["GET"]}}],"collection":[{"href":"https:\/\/blog.mariorodriguezruiz.com\/index.php?rest_route=\/wp\/v2\/posts"}],"about":[{"href":"https:\/\/blog.mariorodriguezruiz.com\/index.php?rest_route=\/wp\/v2\/types\/post"}],"author":[{"embeddable":true,"href":"https:\/\/blog.mariorodriguezruiz.com\/index.php?rest_route=\/wp\/v2\/users\/1"}],"replies":[{"embeddable":true,"href":"https:\/\/blog.mariorodriguezruiz.com\/index.php?rest_route=%2Fwp%2Fv2%2Fcomments&post=3099"}],"version-history":[{"count":4,"href":"https:\/\/blog.mariorodriguezruiz.com\/index.php?rest_route=\/wp\/v2\/posts\/3099\/revisions"}],"predecessor-version":[{"id":3141,"href":"https:\/\/blog.mariorodriguezruiz.com\/index.php?rest_route=\/wp\/v2\/posts\/3099\/revisions\/3141"}],"wp:attachment":[{"href":"https:\/\/blog.mariorodriguezruiz.com\/index.php?rest_route=%2Fwp%2Fv2%2Fmedia&parent=3099"}],"wp:term":[{"taxonomy":"category","embeddable":true,"href":"https:\/\/blog.mariorodriguezruiz.com\/index.php?rest_route=%2Fwp%2Fv2%2Fcategories&post=3099"},{"taxonomy":"post_tag","embeddable":true,"href":"https:\/\/blog.mariorodriguezruiz.com\/index.php?rest_route=%2Fwp%2Fv2%2Ftags&post=3099"}],"curies":[{"name":"wp","href":"https:\/\/api.w.org\/{rel}","templated":true}]}}