{"id":3103,"date":"2018-10-18T08:25:35","date_gmt":"2018-10-18T08:25:35","guid":{"rendered":"http:\/\/xn--diseobasico-4db.com\/?p=3103"},"modified":"2018-10-28T20:05:21","modified_gmt":"2018-10-28T20:05:21","slug":"una-estructura-oculta-casi-400-anos","status":"publish","type":"post","link":"https:\/\/blog.mariorodriguezruiz.com\/?p=3103","title":{"rendered":"Una estructura oculta casi 400 a\u00f1os"},"content":{"rendered":"<p><a href=\"https:\/\/historia-arte.com\/artistas\/diego-velazquez\" target=\"_blank\" rel=\"noopener\"><img decoding=\"async\" class=\"aligncenter\" src=\"https:\/\/2.bp.blogspot.com\/-JhAiI4Oq9vk\/V4IFTnYcMXI\/AAAAAAAAAF8\/0n_GH8M_vtob1ZUYxWDodsO9WRquoAplwCLcB\/s320\/00.jpeg\" \/><\/a><\/p>\n<p><a href=\"https:\/\/historia-arte.com\/artistas\/diego-velazquez\" target=\"_blank\" rel=\"noopener\">Diego Vel\u00e1zquez de Silva<\/a> pint\u00f3<em> La Rendici\u00f3n de Breda<\/em> (tambi\u00e9n conocido como<em> Las Lanzas<\/em>) hacia 1635. El cuadro tiene unas dimensiones de 307,3 x 371,5 cm, fue pintado al \u00f3leo sobre lienzo, y actualmente\u00a0se encuentra expuesto en el <a href=\"https:\/\/www.museodelprado.es\/coleccion\/obra-de-arte\/las-lanzas-o-la-rendicion-de-breda\/0cc7577a-51d9-44fd-b4d5-4dba8d9cb13a?searchid=06aaacf6-67c7-2594-a3b2-4130e52e6a66\" target=\"_blank\" rel=\"noopener\">Museo del Prado<\/a>.<\/p>\n<p>Esta obra maestra del Barroco representa la rendici\u00f3n de la ciudad de Breda a las tropas del rey Felipe IV. Pero lo que aqu\u00ed nos ocupa es la estructura que utiliz\u00f3 el pintor para estructura la composici\u00f3n. Esta estructura est\u00e1 basada en la Proporci\u00f3n \u00c1urea, y ha permanecido oculta durante casi 400 a\u00f1os.<\/p>\n<p>La proporci\u00f3n \u00c1urea (tambi\u00e9n conocida como Secci\u00f3n de Oro, Proporci\u00f3n Divina, etc.) equivale a 1,618. En consecuencia, este n\u00famero es conocido como \u00abN\u00famero de Oro\u00bb, \u00abN\u00famero Divino\u00bb, e incluso a veces como \u00abN\u00famero de Dios\u00bb. Seguramente es la proporci\u00f3n m\u00e1s conocida. Es muy utilizada en el \u00e1mbito del arte y el dise\u00f1o. Se encuentra al mismo tiempo en la naturaleza y por lo tanto en el ser humano.<\/p>\n<p>Existen numerosos estudios que analizan la presencia de la secci\u00f3n \u00c1urea en la obra de Vel\u00e1zquez. Nos permitimos sugerir como uno de los m\u00e1s interesantes el de <a href=\"https:\/\/investigacion.us.es\/sisius\/sis_showpub.php?idpers=5361\" target=\"_blank\" rel=\"noopener\">Antonio S\u00e1seta<\/a> sobre las Meninas:\u00a0<a href=\"https:\/\/www.youtube.com\/watch?v=HjAsIfwWPs8\" target=\"_blank\" rel=\"noopener\">Las Meninas. Magia cat\u00f3ptrica. La reconstrucci\u00f3n tridimensional del cuadro<\/a>. En el caso de la Rendici\u00f3nd de Breda, siempre llam\u00f3 nuestra atenci\u00f3n la extra\u00f1a curva que forma el humo, que conecta con la curva que forma el cuello del caballo que aparece representado en primer t\u00e9rmino, as\u00ed que nos propusimos investigar qu\u00e9 hab\u00eda detr\u00e1s.<\/p>\n<p>En primer lugar dividimos la longitud vertical por n\u00famero de Oro (1,618), y comprobamos que coincide con las cabezas de los soldados.<\/p>\n<p>En segundo lugar, la divisi\u00f3n de la longitud horizontal por la Proporci\u00f3n \u00c1urea coincide con la primera lanza de los soldados espa\u00f1oles (en la zona de la derecha), mientras que la mitad de la divisi\u00f3n izquierda coincide con la primera lanza de los soldados holandeses.<\/p>\n<p>Y en tercer lugar comprobamos que la pista del humo y el caballo nos estaba indicando que la l\u00ednea estructural principal de la obra no es otra que la Espiral \u00c1urea, que empieza en <a href=\"http:\/\/elojodelaparadoja.blogspot.com\/2012\/03\/con-un-papel-en-blanco.html\" target=\"_blank\" rel=\"noopener\">el papel en blanco que Vel\u00e1zquez acostumbraba a usar a modo de firma<\/a> y finaliza en el brazo que entrega la llave. Es decir, la clave del cuadro. El acertijo estaba resuelto.<\/p>\n<p><img decoding=\"async\" src=\"https:\/\/4.bp.blogspot.com\/-iZ-xHXh12Cw\/V4E83G0_Y4I\/AAAAAAAAAFc\/dSxy2GzZKCMHlQh5QaVv5ohVMUYI9-zkwCLcB\/s1600\/PROP%2B34c.%2BLas%2BLanzas%2B2.jpg\" \/><\/p>\n<p>Si vais a Madrid, aprovechad la oportunidad de observar esta obra en directo. Y si dese\u00e1is saber m\u00e1s acerca de las estructuras utilizadas por los grandes maestros de la pintura, pod\u00e9is hacerlo leyendo el libro de Charles Bouleau <a href=\"https:\/\/www.casadellibro.com\/libro-tramas-la-geometria-secreta-de-los-pintores\/9788446004318\/550017\" target=\"_blank\" rel=\"noopener\">Tramas. La geometr\u00eda secreta de los pintores<\/a>.<\/p>\n","protected":false},"excerpt":{"rendered":"<p>Diego Vel\u00e1zquez de Silva pint\u00f3 La Rendici\u00f3n de Breda (tambi\u00e9n conocido como Las Lanzas) hacia 1635. El cuadro tiene unas dimensiones de 307,3 x 371,5 cm, fue pintado al \u00f3leo sobre lienzo, y actualmente\u00a0se encuentra expuesto en el Museo del Prado. Esta obra maestra del Barroco representa la rendici\u00f3n de la ciudad de Breda a&#8230;<br \/><a class=\"more-link\" href=\"https:\/\/blog.mariorodriguezruiz.com\/?p=3103\">Continue reading &raquo;<\/a><\/p>\n","protected":false},"author":1,"featured_media":0,"comment_status":"open","ping_status":"open","sticky":false,"template":"","format":"standard","meta":{"footnotes":""},"categories":[61,62,1,10,25,27],"tags":[],"class_list":["post-3103","post","type-post","status-publish","format-standard","hentry","category-modulos","category-redes","category-uncategorized","category-diseno","category-dibujo-y-tecnicas-graficas","category-sitios-que-nos-gustan"],"_links":{"self":[{"href":"https:\/\/blog.mariorodriguezruiz.com\/index.php?rest_route=\/wp\/v2\/posts\/3103","targetHints":{"allow":["GET"]}}],"collection":[{"href":"https:\/\/blog.mariorodriguezruiz.com\/index.php?rest_route=\/wp\/v2\/posts"}],"about":[{"href":"https:\/\/blog.mariorodriguezruiz.com\/index.php?rest_route=\/wp\/v2\/types\/post"}],"author":[{"embeddable":true,"href":"https:\/\/blog.mariorodriguezruiz.com\/index.php?rest_route=\/wp\/v2\/users\/1"}],"replies":[{"embeddable":true,"href":"https:\/\/blog.mariorodriguezruiz.com\/index.php?rest_route=%2Fwp%2Fv2%2Fcomments&post=3103"}],"version-history":[{"count":10,"href":"https:\/\/blog.mariorodriguezruiz.com\/index.php?rest_route=\/wp\/v2\/posts\/3103\/revisions"}],"predecessor-version":[{"id":3114,"href":"https:\/\/blog.mariorodriguezruiz.com\/index.php?rest_route=\/wp\/v2\/posts\/3103\/revisions\/3114"}],"wp:attachment":[{"href":"https:\/\/blog.mariorodriguezruiz.com\/index.php?rest_route=%2Fwp%2Fv2%2Fmedia&parent=3103"}],"wp:term":[{"taxonomy":"category","embeddable":true,"href":"https:\/\/blog.mariorodriguezruiz.com\/index.php?rest_route=%2Fwp%2Fv2%2Fcategories&post=3103"},{"taxonomy":"post_tag","embeddable":true,"href":"https:\/\/blog.mariorodriguezruiz.com\/index.php?rest_route=%2Fwp%2Fv2%2Ftags&post=3103"}],"curies":[{"name":"wp","href":"https:\/\/api.w.org\/{rel}","templated":true}]}}