{"id":3121,"date":"2018-10-22T08:48:51","date_gmt":"2018-10-22T08:48:51","guid":{"rendered":"http:\/\/xn--diseobasico-4db.com\/?p=3121"},"modified":"2018-10-24T15:57:14","modified_gmt":"2018-10-24T15:57:14","slug":"la-ilustradora-valenciana-ana-penyas-premio-nacional-de-comic-2018","status":"publish","type":"post","link":"https:\/\/blog.mariorodriguezruiz.com\/?p=3121","title":{"rendered":"La ilustradora valenciana Ana Penyas, Premio Nacional de C\u00f3mic 2018"},"content":{"rendered":"<p>La ilustradora valenciana\u00a0<a href=\"http:\/\/www.anapenyas.es\/\" target=\"_blank\" rel=\"noopener\"><strong>Ana Penyas<\/strong><\/a>\u00a0ha sido galardonada este martes con el Premio Nacional del C\u00f3mic 2018 por la novela gr\u00e1fica\u00a0<em><a href=\"https:\/\/13millonesdenaves.com\/estamos-todas-bien\/\" target=\"_blank\" rel=\"noopener\">Estamos todas bien<\/a><\/em>, editada por la editorial Salamandra. El premio, concedido por el Ministerio de Educaci\u00f3n, Cultura y Deporte, est\u00e1 dotado con 20.000 euros. El jurado seleccion\u00f3 esta obra, por \u201crescatar, a partir de una historia familiar, la voz de una generaci\u00f3n silenciada; por la innovaci\u00f3n y la frescura de la puesta en escena gr\u00e1fica, adem\u00e1s de la habilidad para integrar recursos del c\u00f3mic y de otros medios\u201d.<\/p>\n<p>Os recomiendo el <a href=\"https:\/\/apuntmedia.es\/va\/a-la-carta\/programes\/vist-en-tv\/emergents\/24-10-2018-anna-penyas-i-juanli-carrion\" target=\"_blank\" rel=\"noopener\">documental<\/a> de la serie <em>Emergents \u00c0 punt<\/em> dedicado a Ana Penyas.<\/p>\n<p><img decoding=\"async\" src=\"http:\/\/www.anapenyas.es\/wp-content\/uploads\/2015\/04\/capital-simbolico1-723x1024.jpg\" alt=\"capital simbolico\" \/><\/p>\n<p>Ilustraci\u00f3n pertenciente a la serie\u00a0Aqui e noutro lugar, realizadas durante su estancia en la residencia de Oporto\u00a0<a href=\"http:\/\/cargocollective.com\/deliceiras18\">DeLicieras<\/a>. En esta serie, Penyas juega con los conceptos asociados al proceso de transformaci\u00f3n de espacios urbanos, pero inspirados en las din\u00e1micas propias de Oporto: ciudad marca, desplazamiento, capital simb\u00f3lico, capital humano, etc.<\/p>\n","protected":false},"excerpt":{"rendered":"<p>La ilustradora valenciana\u00a0Ana Penyas\u00a0ha sido galardonada este martes con el Premio Nacional del C\u00f3mic 2018 por la novela gr\u00e1fica\u00a0Estamos todas bien, editada por la editorial Salamandra. El premio, concedido por el Ministerio de Educaci\u00f3n, Cultura y Deporte, est\u00e1 dotado con 20.000 euros. El jurado seleccion\u00f3 esta obra, por \u201crescatar, a partir de una historia familiar,&#8230;<br \/><a class=\"more-link\" href=\"https:\/\/blog.mariorodriguezruiz.com\/?p=3121\">Continue reading &raquo;<\/a><\/p>\n","protected":false},"author":1,"featured_media":0,"comment_status":"open","ping_status":"open","sticky":false,"template":"","format":"standard","meta":{"footnotes":""},"categories":[36,10,25,28],"tags":[151,152],"class_list":["post-3121","post","type-post","status-publish","format-standard","hentry","category-ilustracion","category-diseno","category-dibujo-y-tecnicas-graficas","category-diseno-grafico","tag-novela-grafica","tag-premios"],"_links":{"self":[{"href":"https:\/\/blog.mariorodriguezruiz.com\/index.php?rest_route=\/wp\/v2\/posts\/3121","targetHints":{"allow":["GET"]}}],"collection":[{"href":"https:\/\/blog.mariorodriguezruiz.com\/index.php?rest_route=\/wp\/v2\/posts"}],"about":[{"href":"https:\/\/blog.mariorodriguezruiz.com\/index.php?rest_route=\/wp\/v2\/types\/post"}],"author":[{"embeddable":true,"href":"https:\/\/blog.mariorodriguezruiz.com\/index.php?rest_route=\/wp\/v2\/users\/1"}],"replies":[{"embeddable":true,"href":"https:\/\/blog.mariorodriguezruiz.com\/index.php?rest_route=%2Fwp%2Fv2%2Fcomments&post=3121"}],"version-history":[{"count":6,"href":"https:\/\/blog.mariorodriguezruiz.com\/index.php?rest_route=\/wp\/v2\/posts\/3121\/revisions"}],"predecessor-version":[{"id":3154,"href":"https:\/\/blog.mariorodriguezruiz.com\/index.php?rest_route=\/wp\/v2\/posts\/3121\/revisions\/3154"}],"wp:attachment":[{"href":"https:\/\/blog.mariorodriguezruiz.com\/index.php?rest_route=%2Fwp%2Fv2%2Fmedia&parent=3121"}],"wp:term":[{"taxonomy":"category","embeddable":true,"href":"https:\/\/blog.mariorodriguezruiz.com\/index.php?rest_route=%2Fwp%2Fv2%2Fcategories&post=3121"},{"taxonomy":"post_tag","embeddable":true,"href":"https:\/\/blog.mariorodriguezruiz.com\/index.php?rest_route=%2Fwp%2Fv2%2Ftags&post=3121"}],"curies":[{"name":"wp","href":"https:\/\/api.w.org\/{rel}","templated":true}]}}