{"id":3247,"date":"2019-01-28T08:41:34","date_gmt":"2019-01-28T08:41:34","guid":{"rendered":"http:\/\/xn--diseobasico-4db.com\/?p=3247"},"modified":"2018-11-15T22:02:17","modified_gmt":"2018-11-15T22:02:17","slug":"moodboard-pastel-gothic","status":"publish","type":"post","link":"https:\/\/blog.mariorodriguezruiz.com\/?p=3247","title":{"rendered":"MoodBoard: Pastel Goth"},"content":{"rendered":"<p>Os presentamos el moodborad sobre la tendencia Pastel Goth. Ha sido dise\u00f1ado por Saray P\u00e9rez Mart\u00ednez, alumna de 3er curso de los Estudios Superiores de Dise\u00f1o Gr\u00e1fico. Se trata de una actividad realizada para la asignatura <a href=\"https:\/\/drive.google.com\/drive\/folders\/1Ba1LQqnHID8T6aw8pThMfBf0K-g3X7lw\" target=\"_blank\" rel=\"noopener\">Color Expresivo<\/a>. Impartida en la\u00a0<a href=\"http:\/\/www.easda.es\/drupal\/\" target=\"_blank\" rel=\"noopener\">EASDA<\/a>\u00a0(Departamento de Expresi\u00f3n y Representaci\u00f3n Art\u00edstica).<\/p>\n<p><img loading=\"lazy\" decoding=\"async\" class=\"aligncenter size-medium wp-image-3250\" src=\"http:\/\/xn--diseobasico-4db.com\/wp-content\/uploads\/2019\/01\/Saray-01-300x226.jpg\" alt=\"\" width=\"300\" height=\"226\" srcset=\"https:\/\/blog.mariorodriguezruiz.com\/wp-content\/uploads\/2019\/01\/Saray-01-300x226.jpg 300w, https:\/\/blog.mariorodriguezruiz.com\/wp-content\/uploads\/2019\/01\/Saray-01-768x577.jpg 768w, https:\/\/blog.mariorodriguezruiz.com\/wp-content\/uploads\/2019\/01\/Saray-01-1024x770.jpg 1024w, https:\/\/blog.mariorodriguezruiz.com\/wp-content\/uploads\/2019\/01\/Saray-01.jpg 1556w\" sizes=\"auto, (max-width: 300px) 100vw, 300px\" \/> <img loading=\"lazy\" decoding=\"async\" class=\"aligncenter size-medium wp-image-3251\" src=\"http:\/\/xn--diseobasico-4db.com\/wp-content\/uploads\/2019\/01\/Saray-3-169x300.jpg\" alt=\"\" width=\"169\" height=\"300\" srcset=\"https:\/\/blog.mariorodriguezruiz.com\/wp-content\/uploads\/2019\/01\/Saray-3-169x300.jpg 169w, https:\/\/blog.mariorodriguezruiz.com\/wp-content\/uploads\/2019\/01\/Saray-3-768x1365.jpg 768w, https:\/\/blog.mariorodriguezruiz.com\/wp-content\/uploads\/2019\/01\/Saray-3-576x1024.jpg 576w, https:\/\/blog.mariorodriguezruiz.com\/wp-content\/uploads\/2019\/01\/Saray-3.jpg 900w\" sizes=\"auto, (max-width: 169px) 100vw, 169px\" \/> <img loading=\"lazy\" decoding=\"async\" class=\"aligncenter size-medium wp-image-3253\" src=\"http:\/\/xn--diseobasico-4db.com\/wp-content\/uploads\/2019\/01\/Sray-02-169x300.jpg\" alt=\"\" width=\"169\" height=\"300\" srcset=\"https:\/\/blog.mariorodriguezruiz.com\/wp-content\/uploads\/2019\/01\/Sray-02-169x300.jpg 169w, https:\/\/blog.mariorodriguezruiz.com\/wp-content\/uploads\/2019\/01\/Sray-02-768x1365.jpg 768w, https:\/\/blog.mariorodriguezruiz.com\/wp-content\/uploads\/2019\/01\/Sray-02-576x1024.jpg 576w, https:\/\/blog.mariorodriguezruiz.com\/wp-content\/uploads\/2019\/01\/Sray-02.jpg 900w\" sizes=\"auto, (max-width: 169px) 100vw, 169px\" \/><\/p>\n<p>Dise\u00f1o B\u00e1sico.com<\/p>\n","protected":false},"excerpt":{"rendered":"<p>Os presentamos el moodborad sobre la tendencia Pastel Goth. Ha sido dise\u00f1ado por Saray P\u00e9rez Mart\u00ednez, alumna de 3er curso de los Estudios Superiores de Dise\u00f1o Gr\u00e1fico. Se trata de una actividad realizada para la asignatura Color Expresivo. Impartida en la\u00a0EASDA\u00a0(Departamento de Expresi\u00f3n y Representaci\u00f3n Art\u00edstica). Dise\u00f1o B\u00e1sico.com<\/p>\n","protected":false},"author":1,"featured_media":0,"comment_status":"open","ping_status":"open","sticky":false,"template":"","format":"standard","meta":{"footnotes":""},"categories":[4,1,27,13,14],"tags":[],"class_list":["post-3247","post","type-post","status-publish","format-standard","hentry","category-diseno-2","category-uncategorized","category-sitios-que-nos-gustan","category-esquemas-cromaticos","category-funciones-del-color"],"_links":{"self":[{"href":"https:\/\/blog.mariorodriguezruiz.com\/index.php?rest_route=\/wp\/v2\/posts\/3247","targetHints":{"allow":["GET"]}}],"collection":[{"href":"https:\/\/blog.mariorodriguezruiz.com\/index.php?rest_route=\/wp\/v2\/posts"}],"about":[{"href":"https:\/\/blog.mariorodriguezruiz.com\/index.php?rest_route=\/wp\/v2\/types\/post"}],"author":[{"embeddable":true,"href":"https:\/\/blog.mariorodriguezruiz.com\/index.php?rest_route=\/wp\/v2\/users\/1"}],"replies":[{"embeddable":true,"href":"https:\/\/blog.mariorodriguezruiz.com\/index.php?rest_route=%2Fwp%2Fv2%2Fcomments&post=3247"}],"version-history":[{"count":8,"href":"https:\/\/blog.mariorodriguezruiz.com\/index.php?rest_route=\/wp\/v2\/posts\/3247\/revisions"}],"predecessor-version":[{"id":3267,"href":"https:\/\/blog.mariorodriguezruiz.com\/index.php?rest_route=\/wp\/v2\/posts\/3247\/revisions\/3267"}],"wp:attachment":[{"href":"https:\/\/blog.mariorodriguezruiz.com\/index.php?rest_route=%2Fwp%2Fv2%2Fmedia&parent=3247"}],"wp:term":[{"taxonomy":"category","embeddable":true,"href":"https:\/\/blog.mariorodriguezruiz.com\/index.php?rest_route=%2Fwp%2Fv2%2Fcategories&post=3247"},{"taxonomy":"post_tag","embeddable":true,"href":"https:\/\/blog.mariorodriguezruiz.com\/index.php?rest_route=%2Fwp%2Fv2%2Ftags&post=3247"}],"curies":[{"name":"wp","href":"https:\/\/api.w.org\/{rel}","templated":true}]}}