{"id":3270,"date":"2019-02-04T08:26:51","date_gmt":"2019-02-04T08:26:51","guid":{"rendered":"http:\/\/xn--diseobasico-4db.com\/?p=3270"},"modified":"2018-11-29T13:44:46","modified_gmt":"2018-11-29T13:44:46","slug":"sonar-2019","status":"publish","type":"post","link":"https:\/\/blog.mariorodriguezruiz.com\/?p=3270","title":{"rendered":"S\u00f3nar 2019"},"content":{"rendered":"<p>Los d\u00edas 18, 19 y 20 de julio tendr\u00e1 lugar la 26\u00aa edici\u00f3n de uno de los acontecimientos culturales m\u00e1s importantes, en el \u00e1mbito de la creaci\u00f3n elctr\u00f3nica: <a href=\"https:\/\/sonar.es\/\" target=\"_blank\" rel=\"noopener\">S\u00f3nar<\/a>.\u00a0Creado en 1994, S\u00f3nar se ha convertido en un referente, gracias a una oferta que combina lo l\u00fadico con lo art\u00edstico, la vanguardia y la experimentaci\u00f3n con las nuevas corrientes musicales de la electr\u00f3nica de baile.<\/p>\n<p>El v\u00eddeo promocional de este a\u00f1o ha sido dirigido por Sergio caballero, y est\u00e1 protagonizado por \u00c1ngela Molina y Vid Rousse. Las actrices recorren en coche un inquietante y sombr\u00edo paisaje, donde la carretera es una pista de Scalextric.<\/p>\n<p>Aqu\u00ed puedes ver un <a href=\"https:\/\/www.rac1.cat\/info-rac1\/20181129\/453230127627\/angela-molina-protagonitza-el-video-promocional-del-sonar-2019.html\" target=\"_blank\" rel=\"noopener\">avance<\/a> de los artistas que participar\u00e1n.<\/p>\n<p><iframe loading=\"lazy\" title=\"S\u00f3nar 2019 - First artists announced\" width=\"560\" height=\"315\" src=\"https:\/\/www.youtube.com\/embed\/4nPyiO3IF5s?feature=oembed\" frameborder=\"0\" allow=\"accelerometer; autoplay; clipboard-write; encrypted-media; gyroscope; picture-in-picture; web-share\" referrerpolicy=\"strict-origin-when-cross-origin\" allowfullscreen><\/iframe><\/p>\n<h2 class=\"no-margins\"><\/h2>\n","protected":false},"excerpt":{"rendered":"<p>Los d\u00edas 18, 19 y 20 de julio tendr\u00e1 lugar la 26\u00aa edici\u00f3n de uno de los acontecimientos culturales m\u00e1s importantes, en el \u00e1mbito de la creaci\u00f3n elctr\u00f3nica: S\u00f3nar.\u00a0Creado en 1994, S\u00f3nar se ha convertido en un referente, gracias a una oferta que combina lo l\u00fadico con lo art\u00edstico, la vanguardia y la experimentaci\u00f3n con&#8230;<br \/><a class=\"more-link\" href=\"https:\/\/blog.mariorodriguezruiz.com\/?p=3270\">Continue reading &raquo;<\/a><\/p>\n","protected":false},"author":1,"featured_media":0,"comment_status":"open","ping_status":"open","sticky":false,"template":"","format":"standard","meta":{"footnotes":""},"categories":[10,26,27],"tags":[115,83],"class_list":["post-3270","post","type-post","status-publish","format-standard","hentry","category-diseno","category-eventos-y-concursos","category-sitios-que-nos-gustan","tag-musica-electronica","tag-video"],"_links":{"self":[{"href":"https:\/\/blog.mariorodriguezruiz.com\/index.php?rest_route=\/wp\/v2\/posts\/3270","targetHints":{"allow":["GET"]}}],"collection":[{"href":"https:\/\/blog.mariorodriguezruiz.com\/index.php?rest_route=\/wp\/v2\/posts"}],"about":[{"href":"https:\/\/blog.mariorodriguezruiz.com\/index.php?rest_route=\/wp\/v2\/types\/post"}],"author":[{"embeddable":true,"href":"https:\/\/blog.mariorodriguezruiz.com\/index.php?rest_route=\/wp\/v2\/users\/1"}],"replies":[{"embeddable":true,"href":"https:\/\/blog.mariorodriguezruiz.com\/index.php?rest_route=%2Fwp%2Fv2%2Fcomments&post=3270"}],"version-history":[{"count":4,"href":"https:\/\/blog.mariorodriguezruiz.com\/index.php?rest_route=\/wp\/v2\/posts\/3270\/revisions"}],"predecessor-version":[{"id":3272,"href":"https:\/\/blog.mariorodriguezruiz.com\/index.php?rest_route=\/wp\/v2\/posts\/3270\/revisions\/3272"}],"wp:attachment":[{"href":"https:\/\/blog.mariorodriguezruiz.com\/index.php?rest_route=%2Fwp%2Fv2%2Fmedia&parent=3270"}],"wp:term":[{"taxonomy":"category","embeddable":true,"href":"https:\/\/blog.mariorodriguezruiz.com\/index.php?rest_route=%2Fwp%2Fv2%2Fcategories&post=3270"},{"taxonomy":"post_tag","embeddable":true,"href":"https:\/\/blog.mariorodriguezruiz.com\/index.php?rest_route=%2Fwp%2Fv2%2Ftags&post=3270"}],"curies":[{"name":"wp","href":"https:\/\/api.w.org\/{rel}","templated":true}]}}