{"id":3289,"date":"2019-02-02T08:39:40","date_gmt":"2019-02-02T08:39:40","guid":{"rendered":"http:\/\/xn--diseobasico-4db.com\/?p=3289"},"modified":"2018-12-15T08:58:39","modified_gmt":"2018-12-15T08:58:39","slug":"pablo-bellot","status":"publish","type":"post","link":"https:\/\/blog.mariorodriguezruiz.com\/?p=3289","title":{"rendered":"Pablo Bellot"},"content":{"rendered":"<p>Dise\u00f1o B\u00e1sico.com se complace en presentaros la obra del artista alicantino Pablo Bellot (1976), licenciado en Bellas Artes por la <a href=\"https:\/\/bbaa.umh.es\/\">Facultad de Altea<\/a>. Las pinturas y dibujos de Bellot se caracterizan por la intenci\u00f3n de expresar lo m\u00e1ximo con el m\u00ednimo de elementos. De hecho, la gama crom\u00e1tica se encuentra reducida a los colores blanco y negro. En los \u00faltimos a\u00f1os, Bellot ha sumado la cer\u00e1mica a su obra art\u00edstica. De hecho, su pieza <em>La vomitera como \u00faltimo acto <\/em>obtuvo el <a href=\"https:\/\/www.levante-emv.com\/horta\/2017\/11\/04\/vomitera-pablo-bellot-impone-biennal\/1636907.html\">Premio President de la Generalitat<\/a> Valenciana en la XIII edici\u00f3n de la Bienal Internacional de Cer\u00e1mica de Manises, celebrada en 2017. Y en la actualidad est\u00e1 cursando el <a href=\"https:\/\/www.facebook.com\/AulaCeramica\/\" target=\"_blank\" rel=\"noopener\">Ciclo Superior de Cer\u00e1mica Art\u00edstica<\/a> en la <a href=\"http:\/\/www.easda.es\/drupal\/\">Escuela de Arte y Superior de Dise\u00f1o de Alicante<\/a>.<\/p>\n<p><img decoding=\"async\" src=\"https:\/\/valenciaplaza.com\/public\/Image\/2017\/11\/PabloBellotGarca_NoticiaAmpliada.jpg\" alt=\"Resultado de imagen de pablo bellot cer\u00c3\u00a1mica\" \/><\/p>\n<p><em>La vomitera como \u00faltimo acto.<\/em><\/p>\n<p><img loading=\"lazy\" decoding=\"async\" class=\"aligncenter size-medium wp-image-3290\" src=\"http:\/\/xn--diseobasico-4db.com\/wp-content\/uploads\/2018\/12\/Bellot-01-187x300.jpg\" alt=\"\" width=\"187\" height=\"300\" srcset=\"https:\/\/blog.mariorodriguezruiz.com\/wp-content\/uploads\/2018\/12\/Bellot-01-187x300.jpg 187w, https:\/\/blog.mariorodriguezruiz.com\/wp-content\/uploads\/2018\/12\/Bellot-01-768x1235.jpg 768w, https:\/\/blog.mariorodriguezruiz.com\/wp-content\/uploads\/2018\/12\/Bellot-01-637x1024.jpg 637w, https:\/\/blog.mariorodriguezruiz.com\/wp-content\/uploads\/2018\/12\/Bellot-01.jpg 1284w\" sizes=\"auto, (max-width: 187px) 100vw, 187px\" \/><\/p>\n<p><em>Estudio de mancha negra<\/em> <em>n\u00ba 5<\/em>, 2010. Gouache, tintachina sobre papel, 32 x 24 cm.<\/p>\n<p><img loading=\"lazy\" decoding=\"async\" class=\"aligncenter size-medium wp-image-3291\" src=\"http:\/\/xn--diseobasico-4db.com\/wp-content\/uploads\/2018\/12\/Bellot-02-233x300.jpg\" alt=\"\" width=\"233\" height=\"300\" srcset=\"https:\/\/blog.mariorodriguezruiz.com\/wp-content\/uploads\/2018\/12\/Bellot-02-233x300.jpg 233w, https:\/\/blog.mariorodriguezruiz.com\/wp-content\/uploads\/2018\/12\/Bellot-02-768x988.jpg 768w, https:\/\/blog.mariorodriguezruiz.com\/wp-content\/uploads\/2018\/12\/Bellot-02-796x1024.jpg 796w, https:\/\/blog.mariorodriguezruiz.com\/wp-content\/uploads\/2018\/12\/Bellot-02.jpg 1571w\" sizes=\"auto, (max-width: 233px) 100vw, 233px\" \/><\/p>\n<p><em>Estudio de mancha negra n\u00ba 27<\/em>, 2011. Acr\u00edlico sobre lienzo, 146 x 89 cm.<\/p>\n<p>&nbsp;<\/p>\n","protected":false},"excerpt":{"rendered":"<p>Dise\u00f1o B\u00e1sico.com se complace en presentaros la obra del artista alicantino Pablo Bellot (1976), licenciado en Bellas Artes por la Facultad de Altea. Las pinturas y dibujos de Bellot se caracterizan por la intenci\u00f3n de expresar lo m\u00e1ximo con el m\u00ednimo de elementos. De hecho, la gama crom\u00e1tica se encuentra reducida a los colores blanco&#8230;<br \/><a class=\"more-link\" href=\"https:\/\/blog.mariorodriguezruiz.com\/?p=3289\">Continue reading &raquo;<\/a><\/p>\n","protected":false},"author":1,"featured_media":0,"comment_status":"open","ping_status":"open","sticky":false,"template":"","format":"standard","meta":{"footnotes":""},"categories":[10,37,25],"tags":[156,159,160],"class_list":["post-3289","post","type-post","status-publish","format-standard","hentry","category-diseno","category-ceramica","category-dibujo-y-tecnicas-graficas","tag-acrilico","tag-gouache","tag-tinta"],"_links":{"self":[{"href":"https:\/\/blog.mariorodriguezruiz.com\/index.php?rest_route=\/wp\/v2\/posts\/3289","targetHints":{"allow":["GET"]}}],"collection":[{"href":"https:\/\/blog.mariorodriguezruiz.com\/index.php?rest_route=\/wp\/v2\/posts"}],"about":[{"href":"https:\/\/blog.mariorodriguezruiz.com\/index.php?rest_route=\/wp\/v2\/types\/post"}],"author":[{"embeddable":true,"href":"https:\/\/blog.mariorodriguezruiz.com\/index.php?rest_route=\/wp\/v2\/users\/1"}],"replies":[{"embeddable":true,"href":"https:\/\/blog.mariorodriguezruiz.com\/index.php?rest_route=%2Fwp%2Fv2%2Fcomments&post=3289"}],"version-history":[{"count":8,"href":"https:\/\/blog.mariorodriguezruiz.com\/index.php?rest_route=\/wp\/v2\/posts\/3289\/revisions"}],"predecessor-version":[{"id":3305,"href":"https:\/\/blog.mariorodriguezruiz.com\/index.php?rest_route=\/wp\/v2\/posts\/3289\/revisions\/3305"}],"wp:attachment":[{"href":"https:\/\/blog.mariorodriguezruiz.com\/index.php?rest_route=%2Fwp%2Fv2%2Fmedia&parent=3289"}],"wp:term":[{"taxonomy":"category","embeddable":true,"href":"https:\/\/blog.mariorodriguezruiz.com\/index.php?rest_route=%2Fwp%2Fv2%2Fcategories&post=3289"},{"taxonomy":"post_tag","embeddable":true,"href":"https:\/\/blog.mariorodriguezruiz.com\/index.php?rest_route=%2Fwp%2Fv2%2Ftags&post=3289"}],"curies":[{"name":"wp","href":"https:\/\/api.w.org\/{rel}","templated":true}]}}