{"id":3566,"date":"2022-02-20T08:33:18","date_gmt":"2022-02-20T08:33:18","guid":{"rendered":"http:\/\/blog.mariorodriguezruiz.com\/?p=3566"},"modified":"2022-02-20T08:33:19","modified_gmt":"2022-02-20T08:33:19","slug":"una-interesante-reflexion-sobre-la-creatividad","status":"publish","type":"post","link":"https:\/\/blog.mariorodriguezruiz.com\/?p=3566","title":{"rendered":"Una interesante reflexi\u00f3n sobre la creatividad"},"content":{"rendered":"\n<p>Antonio Soto y Carlos M\u00e1rquez. Profesores de la <a href=\"https:\/\/www.esat.es\/\" target=\"_blank\" rel=\"noreferrer noopener\">ESAT<\/a> de Valencia: <\/p>\n\n\n\n<p>\u00abPara un artista o dise\u00f1ador existe un men\u00fa de opciones con los cuales puede trabajar, las formas, el color, los tama\u00f1os y finalmente los esquemas organizativos, sin embargo, \u00bfvamos a crear alg\u00fan color nuevo?, \u00bfalguna forma no existente? \u00bfEntonces, c\u00f3mo podemos ser \u00abcreativos\u00bb?<\/p>\n\n\n\n<p>Hay una analog\u00eda que nos permite entender mejor el discurso creativo: la m\u00fasica. Es interesante cuando nos percatamos de que son solo siete notas dentro de un rango definido de escalas. Y sorprendente es lo infinito del discurso musical. A diario se componen nuevas piezas y pensamos, cu\u00e1nta originalidad. Pero, en realidad, \u00bfd\u00f3nde est\u00e1 lo novedoso?\u00a0 Pues en la organizaci\u00f3n. Lo creativo, lo original, es la manera en que organizamos los elementos, no importa en qu\u00e9 \u00e1rea del quehacer creativo estemos, si queremos ser originales y creativos es cuesti\u00f3n de organizar la informaci\u00f3n de una manera nunca expuesta.\u00bb<\/p>\n\n\n\n<figure class=\"wp-block-image\"><img decoding=\"async\" src=\"https:\/\/graffica.info\/wp-content\/uploads\/2021\/11\/O%CC%81scar-Dalmau_Composicio%CC%81n-Transparencia-2D-1024x768.jpg\" alt=\"\"\/><figcaption><em>Composici\u00f3n transparencia 2D<\/em>, \u00d3scar Dalmau<\/figcaption><\/figure>\n\n\n\n<p><\/p>\n\n\n\n<p>Fragmento del art\u00edculo <a rel=\"noreferrer noopener\" href=\"https:\/\/graffica.info\/la-alfabetizacion-visual-una-asignatura-imprescindible\/\" target=\"_blank\">La alfabetizaci\u00f3n visual<\/a>, una asignatura imprescindible. Publicado en la revista <a rel=\"noreferrer noopener\" href=\"https:\/\/graffica.info\/\" target=\"_blank\">Graffica<\/a>.<\/p>\n","protected":false},"excerpt":{"rendered":"<p>Antonio Soto y Carlos M\u00e1rquez. Profesores de la ESAT de Valencia: \u00abPara un artista o dise\u00f1ador existe un men\u00fa de opciones con los cuales puede trabajar, las formas, el color, los tama\u00f1os y finalmente los esquemas organizativos, sin embargo, \u00bfvamos a crear alg\u00fan color nuevo?, \u00bfalguna forma no existente? \u00bfEntonces, c\u00f3mo podemos ser \u00abcreativos\u00bb? Hay&#8230;<br \/><a class=\"more-link\" href=\"https:\/\/blog.mariorodriguezruiz.com\/?p=3566\">Continue reading &raquo;<\/a><\/p>\n","protected":false},"author":1,"featured_media":0,"comment_status":"open","ping_status":"open","sticky":false,"template":"","format":"standard","meta":{"footnotes":""},"categories":[4,1,8,10,27,46,6],"tags":[72,87],"class_list":["post-3566","post","type-post","status-publish","format-standard","hentry","category-diseno-2","category-uncategorized","category-color","category-diseno","category-sitios-que-nos-gustan","category-bibliografia","category-percepcion-y-sensacion","tag-musica","tag-videojuegos"],"_links":{"self":[{"href":"https:\/\/blog.mariorodriguezruiz.com\/index.php?rest_route=\/wp\/v2\/posts\/3566","targetHints":{"allow":["GET"]}}],"collection":[{"href":"https:\/\/blog.mariorodriguezruiz.com\/index.php?rest_route=\/wp\/v2\/posts"}],"about":[{"href":"https:\/\/blog.mariorodriguezruiz.com\/index.php?rest_route=\/wp\/v2\/types\/post"}],"author":[{"embeddable":true,"href":"https:\/\/blog.mariorodriguezruiz.com\/index.php?rest_route=\/wp\/v2\/users\/1"}],"replies":[{"embeddable":true,"href":"https:\/\/blog.mariorodriguezruiz.com\/index.php?rest_route=%2Fwp%2Fv2%2Fcomments&post=3566"}],"version-history":[{"count":1,"href":"https:\/\/blog.mariorodriguezruiz.com\/index.php?rest_route=\/wp\/v2\/posts\/3566\/revisions"}],"predecessor-version":[{"id":3567,"href":"https:\/\/blog.mariorodriguezruiz.com\/index.php?rest_route=\/wp\/v2\/posts\/3566\/revisions\/3567"}],"wp:attachment":[{"href":"https:\/\/blog.mariorodriguezruiz.com\/index.php?rest_route=%2Fwp%2Fv2%2Fmedia&parent=3566"}],"wp:term":[{"taxonomy":"category","embeddable":true,"href":"https:\/\/blog.mariorodriguezruiz.com\/index.php?rest_route=%2Fwp%2Fv2%2Fcategories&post=3566"},{"taxonomy":"post_tag","embeddable":true,"href":"https:\/\/blog.mariorodriguezruiz.com\/index.php?rest_route=%2Fwp%2Fv2%2Ftags&post=3566"}],"curies":[{"name":"wp","href":"https:\/\/api.w.org\/{rel}","templated":true}]}}