{"id":3674,"date":"2024-02-07T08:19:15","date_gmt":"2024-02-07T08:19:15","guid":{"rendered":"http:\/\/blog.mariorodriguezruiz.com\/?p=3674"},"modified":"2024-02-07T08:26:02","modified_gmt":"2024-02-07T08:26:02","slug":"premios-mestre-a-la-investigacion-docente","status":"publish","type":"post","link":"https:\/\/blog.mariorodriguezruiz.com\/?p=3674","title":{"rendered":"Premios Mestre a la investigaci\u00f3n docente 2024"},"content":{"rendered":"\n<figure class=\"wp-block-image size-large\"><a href=\"https:\/\/blog.mariorodriguezruiz.com\/wp-content\/uploads\/2024\/02\/image-1.png\"><img loading=\"lazy\" decoding=\"async\" width=\"280\" height=\"240\" src=\"https:\/\/blog.mariorodriguezruiz.com\/wp-content\/uploads\/2024\/02\/image-1.png\" alt=\"\" class=\"wp-image-3675\"\/><\/a><\/figure>\n\n\n\n<p>Como en a\u00f1os anteriores, se ha abierto la convocatoria de los Premios Mestre a la Investigaci\u00f3n Docente en su edici\u00f3n de 2024. <\/p>\n\n\n\n<p>El plazo para la entrega de los proyectos termina el 19 de julio de 2024.\u00a0La convocatoria y las bases est\u00e1n disponibles en la web de la\u00a0<a rel=\"noreferrer noopener\" href=\"http:\/\/www.escuelasdearte.es\/mestre\/2024docente.htm\" target=\"_blank\" data-type=\"URL\" data-id=\"http:\/\/www.escuelasdearte.es\/mestre\/2024docente.htm\">Confederaci\u00f3n de Escuelas de Artes Pl\u00e1sticas y Dise\u00f1o<\/a>.<\/p>\n\n\n\n<p>Los trabajos seleccionados en la pasada edici\u00f3n 2023 est\u00e1n disponibles en <a href=\"http:\/\/www.interlinea.info\/\" data-type=\"URL\" data-id=\"http:\/\/www.interlinea.info\/\">Interlinea<\/a>, Cuadernos de investigaci\u00f3n en arte, dise\u00f1o y educaci\u00f3n. Publicada por la Confederaci\u00f3n de Escuelas de Artes Pl\u00e1sticas y Dise\u00f1o.<\/p>\n","protected":false},"excerpt":{"rendered":"<p>Como en a\u00f1os anteriores, se ha abierto la convocatoria de los Premios Mestre a la Investigaci\u00f3n Docente en su edici\u00f3n de 2024. El plazo para la entrega de los proyectos termina el 19 de julio de 2024.\u00a0La convocatoria y las bases est\u00e1n disponibles en la web de la\u00a0Confederaci\u00f3n de Escuelas de Artes Pl\u00e1sticas y Dise\u00f1o&#8230;.<br \/><a class=\"more-link\" href=\"https:\/\/blog.mariorodriguezruiz.com\/?p=3674\">Continue reading &raquo;<\/a><\/p>\n","protected":false},"author":1,"featured_media":0,"comment_status":"open","ping_status":"open","sticky":false,"template":"","format":"standard","meta":{"footnotes":""},"categories":[4,26,27],"tags":[],"class_list":["post-3674","post","type-post","status-publish","format-standard","hentry","category-diseno-2","category-eventos-y-concursos","category-sitios-que-nos-gustan"],"_links":{"self":[{"href":"https:\/\/blog.mariorodriguezruiz.com\/index.php?rest_route=\/wp\/v2\/posts\/3674","targetHints":{"allow":["GET"]}}],"collection":[{"href":"https:\/\/blog.mariorodriguezruiz.com\/index.php?rest_route=\/wp\/v2\/posts"}],"about":[{"href":"https:\/\/blog.mariorodriguezruiz.com\/index.php?rest_route=\/wp\/v2\/types\/post"}],"author":[{"embeddable":true,"href":"https:\/\/blog.mariorodriguezruiz.com\/index.php?rest_route=\/wp\/v2\/users\/1"}],"replies":[{"embeddable":true,"href":"https:\/\/blog.mariorodriguezruiz.com\/index.php?rest_route=%2Fwp%2Fv2%2Fcomments&post=3674"}],"version-history":[{"count":6,"href":"https:\/\/blog.mariorodriguezruiz.com\/index.php?rest_route=\/wp\/v2\/posts\/3674\/revisions"}],"predecessor-version":[{"id":3683,"href":"https:\/\/blog.mariorodriguezruiz.com\/index.php?rest_route=\/wp\/v2\/posts\/3674\/revisions\/3683"}],"wp:attachment":[{"href":"https:\/\/blog.mariorodriguezruiz.com\/index.php?rest_route=%2Fwp%2Fv2%2Fmedia&parent=3674"}],"wp:term":[{"taxonomy":"category","embeddable":true,"href":"https:\/\/blog.mariorodriguezruiz.com\/index.php?rest_route=%2Fwp%2Fv2%2Fcategories&post=3674"},{"taxonomy":"post_tag","embeddable":true,"href":"https:\/\/blog.mariorodriguezruiz.com\/index.php?rest_route=%2Fwp%2Fv2%2Ftags&post=3674"}],"curies":[{"name":"wp","href":"https:\/\/api.w.org\/{rel}","templated":true}]}}