{"id":3875,"date":"2024-04-09T08:23:58","date_gmt":"2024-04-09T08:23:58","guid":{"rendered":"https:\/\/blog.mariorodriguezruiz.com\/?p=3875"},"modified":"2024-04-09T08:33:10","modified_gmt":"2024-04-09T08:33:10","slug":"perspectiva-aerea","status":"publish","type":"post","link":"https:\/\/blog.mariorodriguezruiz.com\/?p=3875","title":{"rendered":"Perspectiva a\u00e9rea"},"content":{"rendered":"\n<p>Uno de los indicadores gr\u00e1ficos m\u00e1s importantes es la perspectiva a\u00e9rea o atmosf\u00e9rica. Puedes ver como act\u00faa en la siguiente fotograf\u00eda del paraje <em>El Sabinar<\/em>, situado entre Mutxamel y Sant Vicent del Raspeig (Alicante).<\/p>\n\n\n\n<figure class=\"wp-block-image size-large\"><a href=\"https:\/\/blog.mariorodriguezruiz.com\/wp-content\/uploads\/2024\/04\/Perspectiva-aerea-03-2.jpg\"><img loading=\"lazy\" decoding=\"async\" width=\"1024\" height=\"693\" src=\"https:\/\/blog.mariorodriguezruiz.com\/wp-content\/uploads\/2024\/04\/Perspectiva-aerea-03-2-1024x693.jpg\" alt=\"\" class=\"wp-image-3882\" srcset=\"https:\/\/blog.mariorodriguezruiz.com\/wp-content\/uploads\/2024\/04\/Perspectiva-aerea-03-2-1024x693.jpg 1024w, https:\/\/blog.mariorodriguezruiz.com\/wp-content\/uploads\/2024\/04\/Perspectiva-aerea-03-2-300x203.jpg 300w, https:\/\/blog.mariorodriguezruiz.com\/wp-content\/uploads\/2024\/04\/Perspectiva-aerea-03-2-768x520.jpg 768w, https:\/\/blog.mariorodriguezruiz.com\/wp-content\/uploads\/2024\/04\/Perspectiva-aerea-03-2-1536x1039.jpg 1536w, https:\/\/blog.mariorodriguezruiz.com\/wp-content\/uploads\/2024\/04\/Perspectiva-aerea-03-2-2048x1385.jpg 2048w\" sizes=\"auto, (max-width: 1024px) 100vw, 1024px\" \/><\/a><\/figure>\n","protected":false},"excerpt":{"rendered":"<p>Uno de los indicadores gr\u00e1ficos m\u00e1s importantes es la perspectiva a\u00e9rea o atmosf\u00e9rica. Puedes ver como act\u00faa en la siguiente fotograf\u00eda del paraje El Sabinar, situado entre Mutxamel y Sant Vicent del Raspeig (Alicante).<\/p>\n","protected":false},"author":1,"featured_media":0,"comment_status":"open","ping_status":"open","sticky":false,"template":"","format":"standard","meta":{"footnotes":""},"categories":[4,36,8,6,12,28,34],"tags":[191,187,190],"class_list":["post-3875","post","type-post","status-publish","format-standard","hentry","category-diseno-2","category-ilustracion","category-color","category-percepcion-y-sensacion","category-metrica-del-color","category-diseno-grafico","category-diseno-de-interiores","tag-diseno-de-escenarios","tag-perspectiva","tag-perspectiva-aerea"],"_links":{"self":[{"href":"https:\/\/blog.mariorodriguezruiz.com\/index.php?rest_route=\/wp\/v2\/posts\/3875","targetHints":{"allow":["GET"]}}],"collection":[{"href":"https:\/\/blog.mariorodriguezruiz.com\/index.php?rest_route=\/wp\/v2\/posts"}],"about":[{"href":"https:\/\/blog.mariorodriguezruiz.com\/index.php?rest_route=\/wp\/v2\/types\/post"}],"author":[{"embeddable":true,"href":"https:\/\/blog.mariorodriguezruiz.com\/index.php?rest_route=\/wp\/v2\/users\/1"}],"replies":[{"embeddable":true,"href":"https:\/\/blog.mariorodriguezruiz.com\/index.php?rest_route=%2Fwp%2Fv2%2Fcomments&post=3875"}],"version-history":[{"count":5,"href":"https:\/\/blog.mariorodriguezruiz.com\/index.php?rest_route=\/wp\/v2\/posts\/3875\/revisions"}],"predecessor-version":[{"id":3883,"href":"https:\/\/blog.mariorodriguezruiz.com\/index.php?rest_route=\/wp\/v2\/posts\/3875\/revisions\/3883"}],"wp:attachment":[{"href":"https:\/\/blog.mariorodriguezruiz.com\/index.php?rest_route=%2Fwp%2Fv2%2Fmedia&parent=3875"}],"wp:term":[{"taxonomy":"category","embeddable":true,"href":"https:\/\/blog.mariorodriguezruiz.com\/index.php?rest_route=%2Fwp%2Fv2%2Fcategories&post=3875"},{"taxonomy":"post_tag","embeddable":true,"href":"https:\/\/blog.mariorodriguezruiz.com\/index.php?rest_route=%2Fwp%2Fv2%2Ftags&post=3875"}],"curies":[{"name":"wp","href":"https:\/\/api.w.org\/{rel}","templated":true}]}}