{"id":4221,"date":"2024-10-04T07:35:28","date_gmt":"2024-10-04T07:35:28","guid":{"rendered":"https:\/\/blog.mariorodriguezruiz.com\/?p=4221"},"modified":"2024-10-04T07:50:35","modified_gmt":"2024-10-04T07:50:35","slug":"entrevista-en-el-museo-del-mar-de-santa-pola","status":"publish","type":"post","link":"https:\/\/blog.mariorodriguezruiz.com\/?p=4221","title":{"rendered":"Entrevista en el Museo del Mar de Santa Pola"},"content":{"rendered":"\n<p>El Museo del Mar de Santa Pola ha publicado la <a href=\"https:\/\/www.youtube.com\/watch?v=bDWUba1dmrg&amp;t=428s\" target=\"_blank\" rel=\"noreferrer noopener\">entrevista <\/a>que me realiz\u00f3, con motivo de la exposici\u00f3n <a href=\"https:\/\/museodelmarsantapola.com\/retratos-del-subterfugio\/\" target=\"_blank\" rel=\"noreferrer noopener\">Retratos del subterfugio: M\u00e1scaras y sacrificios en la exploraci\u00f3n de la identidad<\/a>. En ella hablo de mi proceso creativo, de mi obra, y de los temas abordados en la muestra.<\/p>\n\n\n\n<p><a href=\"https:\/\/www.facebook.com\/hashtag\/expo?__eep__=6&amp;__cft__[0]=AZWA9cFJDmn7-mi-CqO4mzGtqqZcX512vxO7uF4JCU8I1wQgrRjc5Ljw2XWybbzG5PORHO3gbX6qh8vXUd03u_GBVTNMPCu9dqN5QLA9hbv0Xg&amp;__tn__=*NK-R\">#expo<\/a><a href=\"https:\/\/www.facebook.com\/hashtag\/arte?__eep__=6&amp;__cft__[0]=AZWA9cFJDmn7-mi-CqO4mzGtqqZcX512vxO7uF4JCU8I1wQgrRjc5Ljw2XWybbzG5PORHO3gbX6qh8vXUd03u_GBVTNMPCu9dqN5QLA9hbv0Xg&amp;__tn__=*NK-R\">#arte<\/a><a href=\"https:\/\/www.facebook.com\/hashtag\/artecontempor%C3%A1neo?__eep__=6&amp;__cft__[0]=AZWA9cFJDmn7-mi-CqO4mzGtqqZcX512vxO7uF4JCU8I1wQgrRjc5Ljw2XWybbzG5PORHO3gbX6qh8vXUd03u_GBVTNMPCu9dqN5QLA9hbv0Xg&amp;__tn__=*NK-R\">#artecontempor\u00e1neo<\/a><a href=\"https:\/\/www.facebook.com\/hashtag\/museodelmarsantapola?__eep__=6&amp;__cft__[0]=AZWA9cFJDmn7-mi-CqO4mzGtqqZcX512vxO7uF4JCU8I1wQgrRjc5Ljw2XWybbzG5PORHO3gbX6qh8vXUd03u_GBVTNMPCu9dqN5QLA9hbv0Xg&amp;__tn__=*NK-R\">#MuseodelMarSantaPola<\/a><a href=\"https:\/\/www.facebook.com\/hashtag\/cultura?__eep__=6&amp;__cft__[0]=AZWA9cFJDmn7-mi-CqO4mzGtqqZcX512vxO7uF4JCU8I1wQgrRjc5Ljw2XWybbzG5PORHO3gbX6qh8vXUd03u_GBVTNMPCu9dqN5QLA9hbv0Xg&amp;__tn__=*NK-R\">#cultura<\/a><a href=\"https:\/\/www.facebook.com\/hashtag\/santapola?__eep__=6&amp;__cft__[0]=AZWA9cFJDmn7-mi-CqO4mzGtqqZcX512vxO7uF4JCU8I1wQgrRjc5Ljw2XWybbzG5PORHO3gbX6qh8vXUd03u_GBVTNMPCu9dqN5QLA9hbv0Xg&amp;__tn__=*NK-R\">#SantaPola<\/a><\/p>\n\n\n\n<figure class=\"wp-block-image size-large\"><a href=\"https:\/\/www.youtube.com\/watch?v=bDWUba1dmrg&amp;t=428s\"><img loading=\"lazy\" decoding=\"async\" width=\"704\" height=\"1024\" src=\"https:\/\/blog.mariorodriguezruiz.com\/wp-content\/uploads\/2024\/10\/Piera-13-704x1024.jpeg\" alt=\"\" class=\"wp-image-4226\" srcset=\"https:\/\/blog.mariorodriguezruiz.com\/wp-content\/uploads\/2024\/10\/Piera-13-704x1024.jpeg 704w, https:\/\/blog.mariorodriguezruiz.com\/wp-content\/uploads\/2024\/10\/Piera-13-206x300.jpeg 206w, https:\/\/blog.mariorodriguezruiz.com\/wp-content\/uploads\/2024\/10\/Piera-13-768x1117.jpeg 768w, https:\/\/blog.mariorodriguezruiz.com\/wp-content\/uploads\/2024\/10\/Piera-13-1056x1536.jpeg 1056w, https:\/\/blog.mariorodriguezruiz.com\/wp-content\/uploads\/2024\/10\/Piera-13.jpeg 1385w\" sizes=\"auto, (max-width: 704px) 100vw, 704px\" \/><\/a><\/figure>\n\n\n\n<p>Fotograf\u00eda: Ana Piera Llorens.<\/p>\n\n\n\n<p><\/p>\n","protected":false},"excerpt":{"rendered":"<p>El Museo del Mar de Santa Pola ha publicado la entrevista que me realiz\u00f3, con motivo de la exposici\u00f3n Retratos del subterfugio: M\u00e1scaras y sacrificios en la exploraci\u00f3n de la identidad. En ella hablo de mi proceso creativo, de mi obra, y de los temas abordados en la muestra. #expo#arte#artecontempor\u00e1neo#MuseodelMarSantaPola#cultura#SantaPola Fotograf\u00eda: Ana Piera Llorens.<\/p>\n","protected":false},"author":1,"featured_media":0,"comment_status":"open","ping_status":"open","sticky":false,"template":"","format":"standard","meta":{"footnotes":""},"categories":[36,143,10,26,27],"tags":[],"class_list":["post-4221","post","type-post","status-publish","format-standard","hentry","category-ilustracion","category-lapices-de-color","category-diseno","category-eventos-y-concursos","category-sitios-que-nos-gustan"],"_links":{"self":[{"href":"https:\/\/blog.mariorodriguezruiz.com\/index.php?rest_route=\/wp\/v2\/posts\/4221","targetHints":{"allow":["GET"]}}],"collection":[{"href":"https:\/\/blog.mariorodriguezruiz.com\/index.php?rest_route=\/wp\/v2\/posts"}],"about":[{"href":"https:\/\/blog.mariorodriguezruiz.com\/index.php?rest_route=\/wp\/v2\/types\/post"}],"author":[{"embeddable":true,"href":"https:\/\/blog.mariorodriguezruiz.com\/index.php?rest_route=\/wp\/v2\/users\/1"}],"replies":[{"embeddable":true,"href":"https:\/\/blog.mariorodriguezruiz.com\/index.php?rest_route=%2Fwp%2Fv2%2Fcomments&post=4221"}],"version-history":[{"count":7,"href":"https:\/\/blog.mariorodriguezruiz.com\/index.php?rest_route=\/wp\/v2\/posts\/4221\/revisions"}],"predecessor-version":[{"id":4230,"href":"https:\/\/blog.mariorodriguezruiz.com\/index.php?rest_route=\/wp\/v2\/posts\/4221\/revisions\/4230"}],"wp:attachment":[{"href":"https:\/\/blog.mariorodriguezruiz.com\/index.php?rest_route=%2Fwp%2Fv2%2Fmedia&parent=4221"}],"wp:term":[{"taxonomy":"category","embeddable":true,"href":"https:\/\/blog.mariorodriguezruiz.com\/index.php?rest_route=%2Fwp%2Fv2%2Fcategories&post=4221"},{"taxonomy":"post_tag","embeddable":true,"href":"https:\/\/blog.mariorodriguezruiz.com\/index.php?rest_route=%2Fwp%2Fv2%2Ftags&post=4221"}],"curies":[{"name":"wp","href":"https:\/\/api.w.org\/{rel}","templated":true}]}}