{"id":462,"date":"2013-06-03T13:07:43","date_gmt":"2013-06-03T13:07:43","guid":{"rendered":"http:\/\/xn--diseobasico-4db.com\/?p=462"},"modified":"2016-12-22T20:04:18","modified_gmt":"2016-12-22T20:04:18","slug":"jose-martinez-calderon","status":"publish","type":"post","link":"https:\/\/blog.mariorodriguezruiz.com\/?p=462","title":{"rendered":"Jos\u00e9 Mart\u00ednez Calder\u00f3n"},"content":{"rendered":"<p>Para celebrar que la provincia de Alicante vuelve a tener un equipo de f\u00fatbol en la liga BBVA, os presentamos los interesantes dise\u00f1os que Jos\u00e9 Mart\u00ednez Calder\u00f3n ha realizado para el Elche CF.<\/p>\n<p>Jos\u00e9 est\u00e1 acabando los estudios del Cilco Superior de Ilustraci\u00f3n en la EASDA, y ha dise\u00f1ado esta l\u00ednea de p\u00f3sters, libretas y posavasos con aire retro. Est\u00e1n disponibles en la tienda oficial on line del <a href=\"http:\/\/www.personalizacion.elchecf.es\/\">Elche CF<\/a>.<\/p>\n<p><a href=\"http:\/\/xn--diseobasico-4db.com\/wp-content\/uploads\/2013\/06\/posavasos.jpg\"><img loading=\"lazy\" decoding=\"async\" class=\"aligncenter size-medium wp-image-463\" src=\"http:\/\/xn--diseobasico-4db.com\/wp-content\/uploads\/2013\/06\/posavasos-224x300.jpg\" alt=\"posavasos\" width=\"224\" height=\"300\" srcset=\"https:\/\/blog.mariorodriguezruiz.com\/wp-content\/uploads\/2013\/06\/posavasos-224x300.jpg 224w, https:\/\/blog.mariorodriguezruiz.com\/wp-content\/uploads\/2013\/06\/posavasos.jpg 500w\" sizes=\"auto, (max-width: 224px) 100vw, 224px\" \/><\/a><a href=\"http:\/\/xn--diseobasico-4db.com\/wp-content\/uploads\/2013\/06\/POSTER-retro.jpg\"><img loading=\"lazy\" decoding=\"async\" class=\"aligncenter size-medium wp-image-465\" src=\"http:\/\/xn--diseobasico-4db.com\/wp-content\/uploads\/2013\/06\/POSTER-retro-187x300.jpg\" alt=\"POSTER retro\" width=\"187\" height=\"300\" srcset=\"https:\/\/blog.mariorodriguezruiz.com\/wp-content\/uploads\/2013\/06\/POSTER-retro-187x300.jpg 187w, https:\/\/blog.mariorodriguezruiz.com\/wp-content\/uploads\/2013\/06\/POSTER-retro-641x1024.jpg 641w\" sizes=\"auto, (max-width: 187px) 100vw, 187px\" \/><\/a><\/p>\n","protected":false},"excerpt":{"rendered":"<p>Para celebrar que la provincia de Alicante vuelve a tener un equipo de f\u00fatbol en la liga BBVA, os presentamos los interesantes dise\u00f1os que Jos\u00e9 Mart\u00ednez Calder\u00f3n ha realizado para el Elche CF. Jos\u00e9 est\u00e1 acabando los estudios del Cilco Superior de Ilustraci\u00f3n en la EASDA, y ha dise\u00f1ado esta l\u00ednea de p\u00f3sters, libretas y&#8230;<br \/><a class=\"more-link\" href=\"https:\/\/blog.mariorodriguezruiz.com\/?p=462\">Continue reading &raquo;<\/a><\/p>\n","protected":false},"author":1,"featured_media":0,"comment_status":"open","ping_status":"open","sticky":false,"template":"","format":"standard","meta":{"footnotes":""},"categories":[28],"tags":[],"class_list":["post-462","post","type-post","status-publish","format-standard","hentry","category-diseno-grafico"],"_links":{"self":[{"href":"https:\/\/blog.mariorodriguezruiz.com\/index.php?rest_route=\/wp\/v2\/posts\/462","targetHints":{"allow":["GET"]}}],"collection":[{"href":"https:\/\/blog.mariorodriguezruiz.com\/index.php?rest_route=\/wp\/v2\/posts"}],"about":[{"href":"https:\/\/blog.mariorodriguezruiz.com\/index.php?rest_route=\/wp\/v2\/types\/post"}],"author":[{"embeddable":true,"href":"https:\/\/blog.mariorodriguezruiz.com\/index.php?rest_route=\/wp\/v2\/users\/1"}],"replies":[{"embeddable":true,"href":"https:\/\/blog.mariorodriguezruiz.com\/index.php?rest_route=%2Fwp%2Fv2%2Fcomments&post=462"}],"version-history":[{"count":7,"href":"https:\/\/blog.mariorodriguezruiz.com\/index.php?rest_route=\/wp\/v2\/posts\/462\/revisions"}],"predecessor-version":[{"id":466,"href":"https:\/\/blog.mariorodriguezruiz.com\/index.php?rest_route=\/wp\/v2\/posts\/462\/revisions\/466"}],"wp:attachment":[{"href":"https:\/\/blog.mariorodriguezruiz.com\/index.php?rest_route=%2Fwp%2Fv2%2Fmedia&parent=462"}],"wp:term":[{"taxonomy":"category","embeddable":true,"href":"https:\/\/blog.mariorodriguezruiz.com\/index.php?rest_route=%2Fwp%2Fv2%2Fcategories&post=462"},{"taxonomy":"post_tag","embeddable":true,"href":"https:\/\/blog.mariorodriguezruiz.com\/index.php?rest_route=%2Fwp%2Fv2%2Ftags&post=462"}],"curies":[{"name":"wp","href":"https:\/\/api.w.org\/{rel}","templated":true}]}}