{"id":550,"date":"2013-06-16T09:32:22","date_gmt":"2013-06-16T09:32:22","guid":{"rendered":"http:\/\/xn--diseobasico-4db.com\/?p=550"},"modified":"2016-12-22T20:08:59","modified_gmt":"2016-12-22T20:08:59","slug":"espacios-para-la-cultura","status":"publish","type":"post","link":"https:\/\/blog.mariorodriguezruiz.com\/?p=550","title":{"rendered":"Espacios para la cultura"},"content":{"rendered":"<p>Sabemos lo complicado que resulta a veces para ilustradores, artistas o dise\u00f1adores encontrar espacios donde mostrar al p\u00fablico sus creaciones. Por eso pensamos que tiene un inter\u00e9s tan especial el movimiento que se est\u00e1 desarrollando en la ciudad de Alicante, en el que se incluyen cafeter\u00edas, pubs y asociaciones culturales como Juanita Palomo, Ocho y Medio, Freaks Arts, La Pusa, Soda, Mistos, etc.<br \/>\nAdem\u00e1s de presentar exposiciones de ilustraci\u00f3n, pintura, fotograf\u00eda, etc., estos locales ofrecen cine, teatro y conciertos. En la elaboraci\u00f3n de sus programaciones est\u00e1n implicadas personas que desarrollan una importante labor como gestores culturales. Es el caso de Raquel Mart\u00edn (cantante de La Chiado), Maxi Velloso, Natalia Molinos (que recientemente ha presentado su tesis doctoral sobre la pintora alicantina Juana Franc\u00e9s, Alejandra San Miguel y H\u00e9ctor Ram\u00edrez (formados en la EASDA), Marieta Men\u00e9ndez (componente de <a href=\"https:\/\/www.facebook.com\/Toni.el.Negro\">Toni el Negro and the Lunattics<\/a>), Juan Antonio Ram\u00edrez (director de cine) y Juana Romero (creadora de <a href=\"http:\/\/www.convulsionarte.com\/\">Convulsionarte<\/a>).<br \/>\nDe manera que a d\u00eda de hoy, en la ciudad de Alicante, contamos con la posibilidad de realizar una ruta cultural visitando las exposiciones que estos espacios suman a las realizadas en galer\u00edas de arte privadas, como <a href=\"http:\/\/www.auralgaleria.com\/\">Aural<\/a>, <a href=\"http:\/\/parkinggallery.blogspot.com.es\/\">Parking Gallery<\/a>, y p\u00fablicas, como la <a href=\"http:\/\/www.alicante.es\/redir.php?apartado=cultura&amp;pagina=museos-lonja.html&amp;titulo=Lonja%20del%20Pescado%20-%20Patronato%20Municipal%20de%20Cultura%20\/%20Ayuntamiento%20de%20Alicante\">Lonja del Pescado<\/a> el <a href=\"http:\/\/www.alicante.es\/redir.php?apartado=cultura&amp;pagina=museos-ereta.html&amp;titulo=Sala%20de%20Exposiciones%20Parque%20de%20la%20Ereta%20-%20Patronato%20Municipal%20de%20Cultura%20\/%20Ayuntamiento%20de%20Alicante\">Parque de la Ereta<\/a>.<br \/>\nCon este post iniciamos una serie con la que queremos aportar nuestro granito de arena para que esta ruta cultural de la ciudad de Alicante sea cada vez m\u00e1s conocida. Y adem\u00e1s hablaremos de otros locales donde se realice la misma labor, fuera de la ciudad.<br \/>\nEsperamos que te animes a visitar estos espacios para la cultura y a mostrar en ellos tus trabajos.<br \/>\n<a href=\"http:\/\/xn--diseobasico-4db.com\/wp-content\/uploads\/2013\/06\/Juanita-Palomo.jpg\"><img loading=\"lazy\" decoding=\"async\" class=\"aligncenter size-medium wp-image-551\" src=\"http:\/\/xn--diseobasico-4db.com\/wp-content\/uploads\/2013\/06\/Juanita-Palomo-300x199.jpg\" alt=\"Juanita Palomo\" width=\"300\" height=\"199\" srcset=\"https:\/\/blog.mariorodriguezruiz.com\/wp-content\/uploads\/2013\/06\/Juanita-Palomo-300x199.jpg 300w, https:\/\/blog.mariorodriguezruiz.com\/wp-content\/uploads\/2013\/06\/Juanita-Palomo.jpg 960w\" sizes=\"auto, (max-width: 300px) 100vw, 300px\" \/><\/a><br \/>\nJimena Morales durante la <em>VII Jam Dibujo Alicante<\/em>, celebrada en Juanita Palomo. Fotograf\u00eda de Agust\u00edn Calder\u00f3n.<\/p>\n","protected":false},"excerpt":{"rendered":"<p>Sabemos lo complicado que resulta a veces para ilustradores, artistas o dise\u00f1adores encontrar espacios donde mostrar al p\u00fablico sus creaciones. Por eso pensamos que tiene un inter\u00e9s tan especial el movimiento que se est\u00e1 desarrollando en la ciudad de Alicante, en el que se incluyen cafeter\u00edas, pubs y asociaciones culturales como Juanita Palomo, Ocho y&#8230;<br \/><a class=\"more-link\" href=\"https:\/\/blog.mariorodriguezruiz.com\/?p=550\">Continue reading &raquo;<\/a><\/p>\n","protected":false},"author":1,"featured_media":0,"comment_status":"open","ping_status":"open","sticky":false,"template":"","format":"standard","meta":{"footnotes":""},"categories":[4,10],"tags":[67],"class_list":["post-550","post","type-post","status-publish","format-standard","hentry","category-diseno-2","category-diseno","tag-espacios-para-la-cultura"],"_links":{"self":[{"href":"https:\/\/blog.mariorodriguezruiz.com\/index.php?rest_route=\/wp\/v2\/posts\/550","targetHints":{"allow":["GET"]}}],"collection":[{"href":"https:\/\/blog.mariorodriguezruiz.com\/index.php?rest_route=\/wp\/v2\/posts"}],"about":[{"href":"https:\/\/blog.mariorodriguezruiz.com\/index.php?rest_route=\/wp\/v2\/types\/post"}],"author":[{"embeddable":true,"href":"https:\/\/blog.mariorodriguezruiz.com\/index.php?rest_route=\/wp\/v2\/users\/1"}],"replies":[{"embeddable":true,"href":"https:\/\/blog.mariorodriguezruiz.com\/index.php?rest_route=%2Fwp%2Fv2%2Fcomments&post=550"}],"version-history":[{"count":10,"href":"https:\/\/blog.mariorodriguezruiz.com\/index.php?rest_route=\/wp\/v2\/posts\/550\/revisions"}],"predecessor-version":[{"id":2675,"href":"https:\/\/blog.mariorodriguezruiz.com\/index.php?rest_route=\/wp\/v2\/posts\/550\/revisions\/2675"}],"wp:attachment":[{"href":"https:\/\/blog.mariorodriguezruiz.com\/index.php?rest_route=%2Fwp%2Fv2%2Fmedia&parent=550"}],"wp:term":[{"taxonomy":"category","embeddable":true,"href":"https:\/\/blog.mariorodriguezruiz.com\/index.php?rest_route=%2Fwp%2Fv2%2Fcategories&post=550"},{"taxonomy":"post_tag","embeddable":true,"href":"https:\/\/blog.mariorodriguezruiz.com\/index.php?rest_route=%2Fwp%2Fv2%2Ftags&post=550"}],"curies":[{"name":"wp","href":"https:\/\/api.w.org\/{rel}","templated":true}]}}