{"id":582,"date":"2013-06-20T09:37:35","date_gmt":"2013-06-20T09:37:35","guid":{"rendered":"http:\/\/xn--diseobasico-4db.com\/?p=582"},"modified":"2016-12-22T20:12:00","modified_gmt":"2016-12-22T20:12:00","slug":"abanica-tacata","status":"publish","type":"post","link":"https:\/\/blog.mariorodriguezruiz.com\/?p=582","title":{"rendered":"Abanica Tacat\u00e1"},"content":{"rendered":"<p>Nos parecen muy interesantes los trabajos donde se combinan diferentes disciplinas o \u00e1mbitos del arte y el dise\u00f1o. Es el caso de la colecci\u00f3n de abanicos ilustrados de Marieta Men\u00e9ndez, <a href=\"https:\/\/www.facebook.com\/media\/set\/?set=a.10151447602816667.544339.539301666&amp;type=3\">Abanica Tacat\u00e1<\/a>.<\/p>\n<p>Marieta Men\u00e9ndez tambi\u00e9n participa en la programaci\u00f3n de Micro Abierto, que se celebra cada jueves en <a href=\"https:\/\/www.facebook.com\/ochoymedio.alicante\">Ocho y Medio<\/a>, y es componente del grupo <a href=\"https:\/\/www.facebook.com\/Toni.el.Negro\">Toni El Negro &amp; The Lunattics<\/a>.<\/p>\n<p>En la actualidad est\u00e1 preparando una nueva colecci\u00f3n. Os mantendremos informados.<\/p>\n<p><a href=\"http:\/\/xn--diseobasico-4db.com\/wp-content\/uploads\/2013\/06\/Marieta-01.jpg\"><img loading=\"lazy\" decoding=\"async\" class=\"aligncenter size-medium wp-image-583\" src=\"http:\/\/xn--diseobasico-4db.com\/wp-content\/uploads\/2013\/06\/Marieta-01-300x200.jpg\" alt=\"Marieta 01\" width=\"300\" height=\"200\" srcset=\"https:\/\/blog.mariorodriguezruiz.com\/wp-content\/uploads\/2013\/06\/Marieta-01-300x200.jpg 300w, https:\/\/blog.mariorodriguezruiz.com\/wp-content\/uploads\/2013\/06\/Marieta-01.jpg 960w\" sizes=\"auto, (max-width: 300px) 100vw, 300px\" \/><\/a><\/p>\n<p><a href=\"http:\/\/xn--diseobasico-4db.com\/wp-content\/uploads\/2013\/06\/Marieta-02.jpg\"><img loading=\"lazy\" decoding=\"async\" class=\"aligncenter size-medium wp-image-584\" src=\"http:\/\/xn--diseobasico-4db.com\/wp-content\/uploads\/2013\/06\/Marieta-02-300x159.jpg\" alt=\"Marieta 02\" width=\"300\" height=\"159\" srcset=\"https:\/\/blog.mariorodriguezruiz.com\/wp-content\/uploads\/2013\/06\/Marieta-02-300x159.jpg 300w, https:\/\/blog.mariorodriguezruiz.com\/wp-content\/uploads\/2013\/06\/Marieta-02.jpg 800w\" sizes=\"auto, (max-width: 300px) 100vw, 300px\" \/><\/a><\/p>\n<p><a href=\"http:\/\/xn--diseobasico-4db.com\/wp-content\/uploads\/2013\/06\/Marieta-04.jpg\"><img loading=\"lazy\" decoding=\"async\" class=\"aligncenter size-medium wp-image-585\" src=\"http:\/\/xn--diseobasico-4db.com\/wp-content\/uploads\/2013\/06\/Marieta-04-300x225.jpg\" alt=\"Marieta 04\" width=\"300\" height=\"225\" srcset=\"https:\/\/blog.mariorodriguezruiz.com\/wp-content\/uploads\/2013\/06\/Marieta-04-300x225.jpg 300w, https:\/\/blog.mariorodriguezruiz.com\/wp-content\/uploads\/2013\/06\/Marieta-04.jpg 800w\" sizes=\"auto, (max-width: 300px) 100vw, 300px\" \/><\/a><\/p>\n<p>&nbsp;<\/p>\n","protected":false},"excerpt":{"rendered":"<p>Nos parecen muy interesantes los trabajos donde se combinan diferentes disciplinas o \u00e1mbitos del arte y el dise\u00f1o. Es el caso de la colecci\u00f3n de abanicos ilustrados de Marieta Men\u00e9ndez, Abanica Tacat\u00e1. Marieta Men\u00e9ndez tambi\u00e9n participa en la programaci\u00f3n de Micro Abierto, que se celebra cada jueves en Ocho y Medio, y es componente del&#8230;<br \/><a class=\"more-link\" href=\"https:\/\/blog.mariorodriguezruiz.com\/?p=582\">Continue reading &raquo;<\/a><\/p>\n","protected":false},"author":1,"featured_media":0,"comment_status":"open","ping_status":"open","sticky":false,"template":"","format":"standard","meta":{"footnotes":""},"categories":[36,31,32],"tags":[],"class_list":["post-582","post","type-post","status-publish","format-standard","hentry","category-ilustracion","category-diseno-de-moda","category-diseno-de-producto"],"_links":{"self":[{"href":"https:\/\/blog.mariorodriguezruiz.com\/index.php?rest_route=\/wp\/v2\/posts\/582","targetHints":{"allow":["GET"]}}],"collection":[{"href":"https:\/\/blog.mariorodriguezruiz.com\/index.php?rest_route=\/wp\/v2\/posts"}],"about":[{"href":"https:\/\/blog.mariorodriguezruiz.com\/index.php?rest_route=\/wp\/v2\/types\/post"}],"author":[{"embeddable":true,"href":"https:\/\/blog.mariorodriguezruiz.com\/index.php?rest_route=\/wp\/v2\/users\/1"}],"replies":[{"embeddable":true,"href":"https:\/\/blog.mariorodriguezruiz.com\/index.php?rest_route=%2Fwp%2Fv2%2Fcomments&post=582"}],"version-history":[{"count":6,"href":"https:\/\/blog.mariorodriguezruiz.com\/index.php?rest_route=\/wp\/v2\/posts\/582\/revisions"}],"predecessor-version":[{"id":2657,"href":"https:\/\/blog.mariorodriguezruiz.com\/index.php?rest_route=\/wp\/v2\/posts\/582\/revisions\/2657"}],"wp:attachment":[{"href":"https:\/\/blog.mariorodriguezruiz.com\/index.php?rest_route=%2Fwp%2Fv2%2Fmedia&parent=582"}],"wp:term":[{"taxonomy":"category","embeddable":true,"href":"https:\/\/blog.mariorodriguezruiz.com\/index.php?rest_route=%2Fwp%2Fv2%2Fcategories&post=582"},{"taxonomy":"post_tag","embeddable":true,"href":"https:\/\/blog.mariorodriguezruiz.com\/index.php?rest_route=%2Fwp%2Fv2%2Ftags&post=582"}],"curies":[{"name":"wp","href":"https:\/\/api.w.org\/{rel}","templated":true}]}}