{"id":657,"date":"2013-06-23T09:33:57","date_gmt":"2013-06-23T09:33:57","guid":{"rendered":"http:\/\/xn--diseobasico-4db.com\/?p=657"},"modified":"2016-02-25T12:22:59","modified_gmt":"2016-02-25T12:22:59","slug":"comercios-dedicados-a-la-venta-de-articulos-de-bellas-artes-en-la-provincia-de-alicante","status":"publish","type":"post","link":"https:\/\/blog.mariorodriguezruiz.com\/?p=657","title":{"rendered":"Comercios dedicados a la venta de art\u00edculos de Bellas Artes en la provincia de Alicante"},"content":{"rendered":"<p><b>ALCOY <\/b><\/p>\n<ul>\n<li>Llorens<\/li>\n<\/ul>\n<p>L&#8217;Alameda, 50. Sant Llorenc, 1. Sant Josep, 22. Dessin<\/p>\n<p>Isabel la Cat\u00f3lica, 5<\/p>\n<ul>\n<li>Dessin<\/li>\n<\/ul>\n<p>Isabel la Cat\u00f3lica, 5<\/p>\n<p>&nbsp;<\/p>\n<p><b>ALICANTE<\/b><\/p>\n<ul>\n<li>Copias Italia 20<\/li>\n<\/ul>\n<p>Italia, 20. Bajo. Tel. 966 596 777<\/p>\n<p>Dispone de l\u00e1pices de color, que se pueden adquirir sueltos. Marcas Caran d\u00b4Ache Supracolor Soft Aquarelle y Berol Karisma Color.<\/p>\n<ul>\n<li>Crea y Disfruta<\/li>\n<\/ul>\n<p>Pablo Iglesias, 10. Tel. 965 21 45 3<\/p>\n<ul>\n<li>Gomis<\/li>\n<\/ul>\n<p>Navas, 40 (Perpendicular a Alfonso XX El Sabio).<\/p>\n<ul>\n<li>Grisalla<\/li>\n<\/ul>\n<p>Poeta Quintana (Junto a la Plaza de los Luceros).<\/p>\n<ul>\n<li>La Decoradora<\/li>\n<\/ul>\n<p>Canalejas, 22 (Junto a la plaza de la Muntanyeta ).<\/p>\n<ul>\n<li>El Corte Ingl\u00e9s<\/li>\n<\/ul>\n<p>Federico Soto, 1 y 3.<\/p>\n<ul>\n<li>La Nieve<\/li>\n<\/ul>\n<p>Gran V\u00eda S\/N. Esquina C\/ Cer\u00e1mica. Tel. 965254277<\/p>\n<ul>\n<li>Luceros 18<\/li>\n<\/ul>\n<p>Plaza de los Luceros, n\u00ba 18. Tel. 965 212 962<\/p>\n<p>Papeler\u00eda. Disponen de l\u00e1pices de color. Gama Polychromo de Faber-Castell.<\/p>\n<ul>\n<li>Rampa<\/li>\n<\/ul>\n<p>Mart\u00ednez de Velasco, 5. (Junto AL MARQ).<\/p>\n<ul>\n<li>Mecamodel<\/li>\n<\/ul>\n<p>Arquitecto Morell, 14.<\/p>\n<p>Material aerogr\u00e1fico<\/p>\n<ul>\n<li>Moderna Escritura<\/li>\n<\/ul>\n<p>Plaza Calvo Sotelo, 15. Tel. 965 208 818<\/p>\n<ul>\n<li>Vialca. Material aerogr\u00e1fico.<\/li>\n<\/ul>\n<p>Periodista Rodolfo de Salazar, 30.<\/p>\n<ul>\n<li>Manualidades Colino<\/li>\n<\/ul>\n<p>M\u00e9dico Pascual P\u00e9rez, n? 28<\/p>\n<ul>\n<li>La Papeler\u00eda. Tinta china, portalumas y plumillas.<\/li>\n<\/ul>\n<p>San Francisco, n? 49. ALICANTE. Tel. 965 217 026<\/p>\n<ul>\n<li>Chagr\u00e9n.<\/li>\n<\/ul>\n<p>Doctor Sapena, n? 4. Tel. 965 206 016<\/p>\n<p>Encuademaciones. Cart\u00f3n gris grueso.<\/p>\n<ul>\n<li>Edutoy<\/li>\n<\/ul>\n<p>C\/ P. baltasar Carrasco, n? l. Tel. 965 126 747<\/p>\n<p>Centro de Servicios a la Educaci\u00f3n y la Ense\u00f1anza.<\/p>\n<ul>\n<li>\u00a0Zoco<\/li>\n<\/ul>\n<p>C\/ General Elizaic\u00edn, n\u00ba 1. Tel. 965 209 868<\/p>\n<p>Papeler\u00eda t\u00e9cnica.<\/p>\n<p>&nbsp;<\/p>\n<p><b>ELCHE<\/b><\/p>\n<ul>\n<li>La Nieve<\/li>\n<\/ul>\n<p>Avda. Universidad, 16. Tel. 965464102.<\/p>\n<ul>\n<li>Lloc d&#8217;Art<\/li>\n<\/ul>\n<p>Juan Ram\u00f3n Jim\u00e9nez, 2.<\/p>\n<ul>\n<li>Artis Art &amp; Things<\/li>\n<\/ul>\n<p>Capit\u00e1n Antonio Mena, 28. Telf. 965 438 845.<\/p>\n<p>&nbsp;<\/p>\n<p><b>ELDA &#8211; PETRER<br \/>\n<\/b><\/p>\n<ul>\n<li>Almac\u00e9n de pinturas CDAD<\/li>\n<\/ul>\n<p>Arag\u00f3n, 29. Elda.<\/p>\n<ul>\n<li>Carmen Casta\u00f1o<\/li>\n<\/ul>\n<p>Junto al Museo del Calzado. Elda.<\/p>\n<ul>\n<li>La Nieve.<\/li>\n<\/ul>\n<p>Juan V\u00e1zquez de Mella, Petrer. 12. Tel. 965386421.<\/p>\n<ul>\n<li><a href=\"http:\/\/www.cosqueretas.es\/\" target=\"_blank\">Cosqueretas<\/a><\/li>\n<\/ul>\n<p>Navarra, 36. Elda. 966 09 60 46-637 67 20 33<\/p>\n<p><b>MON\u00d3VAR<\/b><\/p>\n<ul>\n<li>Lucimoble<\/li>\n<\/ul>\n<p>C\/ Maestro Don Joaqu\u00edn, n? 22. Tel. 966 960 901.<\/p>\n<p>&nbsp;<\/p>\n<p><b>PETRER<\/b><\/p>\n<ul>\n<li>Cash Benjam\u00edn<\/li>\n<\/ul>\n<p>Pda. Almafra Baixa s\/n.<\/p>\n<ul>\n<li>La Nieve<\/li>\n<\/ul>\n<p>Alfonso X El Sabio, 2-F (Zona Comercial san Jer\u00f3nimo. Tel. 966 952 669.<\/p>\n<p>&nbsp;<\/p>\n<p><b>SANT JOAN D&#8217;ALACANT<\/b><\/p>\n<ul>\n<li>Segura. Venta y aplicaci\u00f3n de pinturas<\/li>\n<\/ul>\n<p>Tom\u00e1s Capelo, n\u00ba 8. Tel. 965 659 264.<\/p>\n<p>&nbsp;<\/p>\n<p><b>SAN VICENTE DEL RASPEIG<\/b><\/p>\n<ul>\n<li>Gamma<\/li>\n<\/ul>\n<p>Cottolengo, 25 (Junto a la entrada principal de la Universidad de Alicante. Esquina con Carretera de San Vicente).<\/p>\n<ul>\n<li>HelioServi<\/li>\n<\/ul>\n<p>Universidad. Junto a la oficina de Correos.<\/p>\n","protected":false},"excerpt":{"rendered":"<p>ALCOY Llorens L&#8217;Alameda, 50. Sant Llorenc, 1. Sant Josep, 22. Dessin Isabel la Cat\u00f3lica, 5 Dessin Isabel la Cat\u00f3lica, 5 &nbsp; ALICANTE Copias Italia 20 Italia, 20. Bajo. Tel. 966 596 777 Dispone de l\u00e1pices de color, que se pueden adquirir sueltos. Marcas Caran d\u00b4Ache Supracolor Soft Aquarelle y Berol Karisma Color. Crea y Disfruta&#8230;<br \/><a class=\"more-link\" href=\"https:\/\/blog.mariorodriguezruiz.com\/?p=657\">Continue reading &raquo;<\/a><\/p>\n","protected":false},"author":1,"featured_media":0,"comment_status":"closed","ping_status":"open","sticky":false,"template":"","format":"standard","meta":{"footnotes":""},"categories":[25],"tags":[],"class_list":["post-657","post","type-post","status-publish","format-standard","hentry","category-dibujo-y-tecnicas-graficas"],"_links":{"self":[{"href":"https:\/\/blog.mariorodriguezruiz.com\/index.php?rest_route=\/wp\/v2\/posts\/657","targetHints":{"allow":["GET"]}}],"collection":[{"href":"https:\/\/blog.mariorodriguezruiz.com\/index.php?rest_route=\/wp\/v2\/posts"}],"about":[{"href":"https:\/\/blog.mariorodriguezruiz.com\/index.php?rest_route=\/wp\/v2\/types\/post"}],"author":[{"embeddable":true,"href":"https:\/\/blog.mariorodriguezruiz.com\/index.php?rest_route=\/wp\/v2\/users\/1"}],"replies":[{"embeddable":true,"href":"https:\/\/blog.mariorodriguezruiz.com\/index.php?rest_route=%2Fwp%2Fv2%2Fcomments&post=657"}],"version-history":[{"count":17,"href":"https:\/\/blog.mariorodriguezruiz.com\/index.php?rest_route=\/wp\/v2\/posts\/657\/revisions"}],"predecessor-version":[{"id":939,"href":"https:\/\/blog.mariorodriguezruiz.com\/index.php?rest_route=\/wp\/v2\/posts\/657\/revisions\/939"}],"wp:attachment":[{"href":"https:\/\/blog.mariorodriguezruiz.com\/index.php?rest_route=%2Fwp%2Fv2%2Fmedia&parent=657"}],"wp:term":[{"taxonomy":"category","embeddable":true,"href":"https:\/\/blog.mariorodriguezruiz.com\/index.php?rest_route=%2Fwp%2Fv2%2Fcategories&post=657"},{"taxonomy":"post_tag","embeddable":true,"href":"https:\/\/blog.mariorodriguezruiz.com\/index.php?rest_route=%2Fwp%2Fv2%2Ftags&post=657"}],"curies":[{"name":"wp","href":"https:\/\/api.w.org\/{rel}","templated":true}]}}