{"id":671,"date":"2013-06-26T08:40:43","date_gmt":"2013-06-26T08:40:43","guid":{"rendered":"http:\/\/xn--diseobasico-4db.com\/?p=671"},"modified":"2016-12-22T20:13:28","modified_gmt":"2016-12-22T20:13:28","slug":"ocho-y-medio","status":"publish","type":"post","link":"https:\/\/blog.mariorodriguezruiz.com\/?p=671","title":{"rendered":"Ocho y Medio"},"content":{"rendered":"<p>En el tercer post que vamos a dedicar a los locales que acogen exposiciones y otras actividades culturales vamos a hablar de <a href=\"https:\/\/www.facebook.com\/ochoymedio.alicante\">Ocho y Medio<\/a>, uno de los m\u00e1s activos en la ciudad de Alicante.<\/p>\n<p>En la programaci\u00f3n de actividades de Ocho y Medio participan Alejandra San Miguel, Juan Antonio Ram\u00edrez, H\u00e9ctor Ram\u00edrez, Juana Romero, Raquel Mart\u00edn y Marieta Men\u00e9ndez.<\/p>\n<p>Adem\u00e1s de exposiciones de ilustraci\u00f3n, pintura, dibujo y fotograf\u00eda, Ocho y Medio programa ciclos de pel\u00edculas en versi\u00f3n original (cine franc\u00e9s, distop\u00edas, animaci\u00f3n, etc.), teatro, conciertos y actividades semanales como <a href=\"https:\/\/www.facebook.com\/MicroAbiertoAlicante?fref=ts\">Micro Abierto<\/a> (los jueves): un punto de encuentro semanal de m\u00fasicos y m\u00fasicas.<\/p>\n<p>Contacto:<br \/>\n+ 34 966 35 57 11<br \/>\nochoymediocultural@gmail.com<br \/>\nPlaza Santa Teresa, n\u00ba 15. Alicante (Espa\u00f1a).<\/p>\n<p><a href=\"http:\/\/xn--diseobasico-4db.com\/wp-content\/uploads\/2013\/06\/Ocho-01.jpg\"><img loading=\"lazy\" decoding=\"async\" class=\"aligncenter size-medium wp-image-672\" src=\"http:\/\/xn--diseobasico-4db.com\/wp-content\/uploads\/2013\/06\/Ocho-01-300x297.jpg\" alt=\"Ocho 01\" width=\"300\" height=\"297\" srcset=\"https:\/\/blog.mariorodriguezruiz.com\/wp-content\/uploads\/2013\/06\/Ocho-01-300x297.jpg 300w, https:\/\/blog.mariorodriguezruiz.com\/wp-content\/uploads\/2013\/06\/Ocho-01-150x150.jpg 150w, https:\/\/blog.mariorodriguezruiz.com\/wp-content\/uploads\/2013\/06\/Ocho-01.jpg 604w\" sizes=\"auto, (max-width: 300px) 100vw, 300px\" \/><\/a><a href=\"http:\/\/xn--diseobasico-4db.com\/wp-content\/uploads\/2013\/06\/Ocho-02.jpg\"><img loading=\"lazy\" decoding=\"async\" class=\"aligncenter size-medium wp-image-673\" src=\"http:\/\/xn--diseobasico-4db.com\/wp-content\/uploads\/2013\/06\/Ocho-02-300x199.jpg\" alt=\"Ocho 02\" width=\"300\" height=\"199\" srcset=\"https:\/\/blog.mariorodriguezruiz.com\/wp-content\/uploads\/2013\/06\/Ocho-02-300x199.jpg 300w, https:\/\/blog.mariorodriguezruiz.com\/wp-content\/uploads\/2013\/06\/Ocho-02.jpg 604w\" sizes=\"auto, (max-width: 300px) 100vw, 300px\" \/><\/a><\/p>\n<p>&nbsp;<\/p>\n<p style=\"text-align: center;\"><iframe loading=\"lazy\" src=\"https:\/\/maps.google.es\/maps?f=q&amp;source=s_q&amp;hl=es&amp;geocode=&amp;q=plaza+santa+teresa,+15.+Alicante&amp;aq=&amp;sll=38.394347,-0.524233&amp;sspn=0.047291,0.077162&amp;ie=UTF8&amp;hq=&amp;hnear=Plaza+Santa+Teresa,+15,+03004+Alicante&amp;t=m&amp;ll=38.351417,-0.483828&amp;spn=0.020193,0.025749&amp;z=14&amp;iwloc=A&amp;output=embed\" width=\"300\" height=\"300\" frameborder=\"0\" marginwidth=\"0\" marginheight=\"0\" scrolling=\"no\"><\/iframe><br \/>\n<small><a style=\"color: #0000ff; text-align: left;\" href=\"https:\/\/maps.google.es\/maps?f=q&amp;source=embed&amp;hl=es&amp;geocode=&amp;q=plaza+santa+teresa,+15.+Alicante&amp;aq=&amp;sll=38.394347,-0.524233&amp;sspn=0.047291,0.077162&amp;ie=UTF8&amp;hq=&amp;hnear=Plaza+Santa+Teresa,+15,+03004+Alicante&amp;t=m&amp;ll=38.351417,-0.483828&amp;spn=0.020193,0.025749&amp;z=14&amp;iwloc=A\">Ver mapa m\u00e1s grande<\/a><\/small><\/p>\n","protected":false},"excerpt":{"rendered":"<p>En el tercer post que vamos a dedicar a los locales que acogen exposiciones y otras actividades culturales vamos a hablar de Ocho y Medio, uno de los m\u00e1s activos en la ciudad de Alicante. En la programaci\u00f3n de actividades de Ocho y Medio participan Alejandra San Miguel, Juan Antonio Ram\u00edrez, H\u00e9ctor Ram\u00edrez, Juana Romero,&#8230;<br \/><a class=\"more-link\" href=\"https:\/\/blog.mariorodriguezruiz.com\/?p=671\">Continue reading &raquo;<\/a><\/p>\n","protected":false},"author":1,"featured_media":0,"comment_status":"open","ping_status":"open","sticky":false,"template":"","format":"standard","meta":{"footnotes":""},"categories":[4,10],"tags":[67],"class_list":["post-671","post","type-post","status-publish","format-standard","hentry","category-diseno-2","category-diseno","tag-espacios-para-la-cultura"],"_links":{"self":[{"href":"https:\/\/blog.mariorodriguezruiz.com\/index.php?rest_route=\/wp\/v2\/posts\/671","targetHints":{"allow":["GET"]}}],"collection":[{"href":"https:\/\/blog.mariorodriguezruiz.com\/index.php?rest_route=\/wp\/v2\/posts"}],"about":[{"href":"https:\/\/blog.mariorodriguezruiz.com\/index.php?rest_route=\/wp\/v2\/types\/post"}],"author":[{"embeddable":true,"href":"https:\/\/blog.mariorodriguezruiz.com\/index.php?rest_route=\/wp\/v2\/users\/1"}],"replies":[{"embeddable":true,"href":"https:\/\/blog.mariorodriguezruiz.com\/index.php?rest_route=%2Fwp%2Fv2%2Fcomments&post=671"}],"version-history":[{"count":11,"href":"https:\/\/blog.mariorodriguezruiz.com\/index.php?rest_route=\/wp\/v2\/posts\/671\/revisions"}],"predecessor-version":[{"id":2687,"href":"https:\/\/blog.mariorodriguezruiz.com\/index.php?rest_route=\/wp\/v2\/posts\/671\/revisions\/2687"}],"wp:attachment":[{"href":"https:\/\/blog.mariorodriguezruiz.com\/index.php?rest_route=%2Fwp%2Fv2%2Fmedia&parent=671"}],"wp:term":[{"taxonomy":"category","embeddable":true,"href":"https:\/\/blog.mariorodriguezruiz.com\/index.php?rest_route=%2Fwp%2Fv2%2Fcategories&post=671"},{"taxonomy":"post_tag","embeddable":true,"href":"https:\/\/blog.mariorodriguezruiz.com\/index.php?rest_route=%2Fwp%2Fv2%2Ftags&post=671"}],"curies":[{"name":"wp","href":"https:\/\/api.w.org\/{rel}","templated":true}]}}